{"id":1002,"date":"2011-01-30T10:43:46","date_gmt":"2011-01-30T10:43:46","guid":{"rendered":"http:\/\/www.fetrib.com\/web2018\/resultados\/resultados-i-duatlo-popular-hivern-arta\/"},"modified":"2011-01-30T10:43:46","modified_gmt":"2011-01-30T10:43:46","slug":"resultados-i-duatlo-popular-hivern-arta","status":"publish","type":"post","link":"https:\/\/fetrib.com\/web\/2011\/01\/30\/resultados-i-duatlo-popular-hivern-arta\/","title":{"rendered":"RESULTADOS I DUATLO POPULAR HIVERN ART\u00c0"},"content":{"rendered":"<p>La ma\u00f1ana de domingo se ha celebrado el I Duatl\u00f3 popular de carretera de Art\u00e0, con una magnifica participaci\u00f3n tanto individual como por relevos.<\/p>\n<p><img loading=\"lazy\" decoding=\"async\" src=\"images\/stories\/salidaarta.jpg\" border=\"0\" width=\"280\" height=\"236\" \/>\u00a0<img loading=\"lazy\" decoding=\"async\" src=\"images\/stories\/ganadoresarta.jpg\" border=\"0\" width=\"125\" height=\"234\" \/><\/p>\n<p><strong>Los ganadores han sido:<\/strong><\/p>\n<p>1\u00ba Juan Antonio Fernandez, Bimont cc Andratx.es<\/p>\n<p>2\u00ba Carlos Lopez, CN Andratx-Sprint<\/p>\n<p>3\u00ba Toni Tauler<\/p>\n<p>1\u00aa Fem: Xisca Garau, Gymnapolis<\/p>\n<p>2\u00aa Fem: Laura Garces<\/p>\n<p>3\u00aa Fem: Marta Gili<\/p>\n<p><strong><span style=\"text-decoration: underline;\"><a href=\"http:\/\/fetrib.com\/web\/wp-content\/uploads\/2011\/01\/resultatsduatloarta.pdf\">RESULTADOS<\/a><\/span><\/strong><\/p>\n<p>\u00a0<\/p>\n","protected":false},"excerpt":{"rendered":"<p>La ma\u00f1ana de domingo se ha celebrado el I Duatl\u00f3 popular de carretera de Art\u00e0, con una magnifica participaci\u00f3n tanto individual como por relevos. \u00a0 Los ganadores han sido: 1\u00ba Juan Antonio Fernandez, Bimont cc Andratx.es 2\u00ba Carlos Lopez, CN Andratx-Sprint 3\u00ba Toni Tauler 1\u00aa Fem: Xisca Garau, Gymnapolis 2\u00aa Fem: Laura Garces 3\u00aa Fem: &#8230;<\/p>\n","protected":false},"author":1,"featured_media":0,"comment_status":"open","ping_status":"open","sticky":false,"template":"","format":"standard","meta":{"_uag_custom_page_level_css":"","footnotes":""},"categories":[40],"tags":[],"class_list":["post-1002","post","type-post","status-publish","format-standard","hentry","category-resultados"],"uagb_featured_image_src":{"full":false,"thumbnail":false,"medium":false,"medium_large":false,"large":false,"1536x1536":false,"2048x2048":false,"tie-small":false,"tie-large":false,"slider":false},"uagb_author_info":{"display_name":"admin","author_link":"https:\/\/fetrib.com\/web\/author\/admin\/"},"uagb_comment_info":0,"uagb_excerpt":"La ma\u00f1ana de domingo se ha celebrado el I Duatl\u00f3 popular de carretera de Art\u00e0, con una magnifica participaci\u00f3n tanto individual como por relevos. \u00a0 Los ganadores han sido: 1\u00ba Juan Antonio Fernandez, Bimont cc Andratx.es 2\u00ba Carlos Lopez, CN Andratx-Sprint 3\u00ba Toni Tauler 1\u00aa Fem: Xisca Garau, Gymnapolis 2\u00aa Fem: Laura Garces 3\u00aa Fem:&hellip;","_links":{"self":[{"href":"https:\/\/fetrib.com\/web\/wp-json\/wp\/v2\/posts\/1002","targetHints":{"allow":["GET"]}}],"collection":[{"href":"https:\/\/fetrib.com\/web\/wp-json\/wp\/v2\/posts"}],"about":[{"href":"https:\/\/fetrib.com\/web\/wp-json\/wp\/v2\/types\/post"}],"author":[{"embeddable":true,"href":"https:\/\/fetrib.com\/web\/wp-json\/wp\/v2\/users\/1"}],"replies":[{"embeddable":true,"href":"https:\/\/fetrib.com\/web\/wp-json\/wp\/v2\/comments?post=1002"}],"version-history":[{"count":0,"href":"https:\/\/fetrib.com\/web\/wp-json\/wp\/v2\/posts\/1002\/revisions"}],"wp:attachment":[{"href":"https:\/\/fetrib.com\/web\/wp-json\/wp\/v2\/media?parent=1002"}],"wp:term":[{"taxonomy":"category","embeddable":true,"href":"https:\/\/fetrib.com\/web\/wp-json\/wp\/v2\/categories?post=1002"},{"taxonomy":"post_tag","embeddable":true,"href":"https:\/\/fetrib.com\/web\/wp-json\/wp\/v2\/tags?post=1002"}],"curies":[{"name":"wp","href":"https:\/\/api.w.org\/{rel}","templated":true}]}}