{"id":1008,"date":"2012-06-13T08:04:19","date_gmt":"2012-06-13T08:04:19","guid":{"rendered":"http:\/\/www.fetrib.com\/web2018\/comite-tecnico\/criterios-seleccion-cadete-masculina-para-cto-espana\/"},"modified":"2018-05-21T11:52:13","modified_gmt":"2018-05-21T11:52:13","slug":"criterios-seleccion-cadete-masculina-para-cto-espana","status":"publish","type":"post","link":"https:\/\/fetrib.com\/web\/2012\/06\/13\/criterios-seleccion-cadete-masculina-para-cto-espana\/","title":{"rendered":"CRITERIOS SELECCION CADETE MASCULINA PARA CTO ESPA\u00d1A"},"content":{"rendered":"<p><span style=\"text-decoration: underline;\">Criteris per la selecci\u00f3 cadet masculina, per participar al Campionat  d&#8217;Espanya<\/span>:<\/p>\n<p>El Triatl\u00f3 de Banyoles \u00abCalendari S\u00e8ries Nacionals\u00bb de dia  16 de juny del 2012, ser\u00e0 la darrera prova que decidir\u00e0 les quatre places de la  selecci\u00f3 escolar de les Illes Balears. Actualment hi ha cinc triatletes que es  disputen aquestes quatre places. <br \/>La direcci\u00f3 t\u00e8cnica es reserva el dret a  decidir qui seran els seleccionats, en cas de possibles accidents puntuals  (caigudes, trencament de material de competici\u00f3, etc) a la prova en q\u00fcesti\u00f3.  Aquesta decisi\u00f3 ser\u00e0 presa en funci\u00f3 dels resultats obtinguts durant aquesta  temporada en la Presa de temps i el Campionat d&#8217;Espanya de Duatl\u00f3.<\/p>\n<p>En  quant a la selecci\u00f3 femenina, per manca d&#8217;un n\u00famero de triatletes d&#8217;un nivell  adient, Balears no presentar\u00e0 selecci\u00f3.<\/p>\n","protected":false},"excerpt":{"rendered":"<p>Criteris per la selecci\u00f3 cadet masculina, per participar al Campionat d&#8217;Espanya: El Triatl\u00f3 de Banyoles \u00abCalendari S\u00e8ries Nacionals\u00bb de dia 16 de juny del 2012, ser\u00e0 la darrera prova que decidir\u00e0 les quatre places de la selecci\u00f3 escolar de les Illes Balears. Actualment hi ha cinc triatletes que es disputen aquestes quatre places. La direcci\u00f3 &#8230;<\/p>\n","protected":false},"author":1,"featured_media":0,"comment_status":"open","ping_status":"open","sticky":false,"template":"","format":"standard","meta":{"_uag_custom_page_level_css":"","footnotes":""},"categories":[27,62],"tags":[],"class_list":["post-1008","post","type-post","status-publish","format-standard","hentry","category-comite-tecnico","category-criteris-seleccio"],"uagb_featured_image_src":{"full":false,"thumbnail":false,"medium":false,"medium_large":false,"large":false,"1536x1536":false,"2048x2048":false,"tie-small":false,"tie-large":false,"slider":false},"uagb_author_info":{"display_name":"admin","author_link":"https:\/\/fetrib.com\/web\/author\/admin\/"},"uagb_comment_info":0,"uagb_excerpt":"Criteris per la selecci\u00f3 cadet masculina, per participar al Campionat d&#8217;Espanya: El Triatl\u00f3 de Banyoles \u00abCalendari S\u00e8ries Nacionals\u00bb de dia 16 de juny del 2012, ser\u00e0 la darrera prova que decidir\u00e0 les quatre places de la selecci\u00f3 escolar de les Illes Balears. Actualment hi ha cinc triatletes que es disputen aquestes quatre places. La direcci\u00f3&hellip;","_links":{"self":[{"href":"https:\/\/fetrib.com\/web\/wp-json\/wp\/v2\/posts\/1008","targetHints":{"allow":["GET"]}}],"collection":[{"href":"https:\/\/fetrib.com\/web\/wp-json\/wp\/v2\/posts"}],"about":[{"href":"https:\/\/fetrib.com\/web\/wp-json\/wp\/v2\/types\/post"}],"author":[{"embeddable":true,"href":"https:\/\/fetrib.com\/web\/wp-json\/wp\/v2\/users\/1"}],"replies":[{"embeddable":true,"href":"https:\/\/fetrib.com\/web\/wp-json\/wp\/v2\/comments?post=1008"}],"version-history":[{"count":1,"href":"https:\/\/fetrib.com\/web\/wp-json\/wp\/v2\/posts\/1008\/revisions"}],"predecessor-version":[{"id":1778,"href":"https:\/\/fetrib.com\/web\/wp-json\/wp\/v2\/posts\/1008\/revisions\/1778"}],"wp:attachment":[{"href":"https:\/\/fetrib.com\/web\/wp-json\/wp\/v2\/media?parent=1008"}],"wp:term":[{"taxonomy":"category","embeddable":true,"href":"https:\/\/fetrib.com\/web\/wp-json\/wp\/v2\/categories?post=1008"},{"taxonomy":"post_tag","embeddable":true,"href":"https:\/\/fetrib.com\/web\/wp-json\/wp\/v2\/tags?post=1008"}],"curies":[{"name":"wp","href":"https:\/\/api.w.org\/{rel}","templated":true}]}}