{"id":101,"date":"2011-08-26T14:24:48","date_gmt":"2011-08-26T14:24:48","guid":{"rendered":"http:\/\/www.fetrib.com\/web2018\/news\/latest-news\/i-duatlo-lloret-vistalegre\/"},"modified":"2011-08-26T14:24:48","modified_gmt":"2011-08-26T14:24:48","slug":"i-duatlo-lloret-vistalegre","status":"publish","type":"post","link":"https:\/\/fetrib.com\/web\/2011\/08\/26\/i-duatlo-lloret-vistalegre\/","title":{"rendered":"I DUATLO LLORET VISTALEGRE"},"content":{"rendered":"<div class=\"description event_desc\">\n<p>El pr\u00f3ximo domingo 4 de septiembre se celebra el I Duatl\u00f3 Popular de Lloret de Vistalegre, festes des Sequer.<\/p>\n<p>Hora: 11h<\/p>\n<p>Lugar: Pla\u00e7a Jaume I<\/p>\n<p>inscripciones: <a href=\"http:\/\/www.elitechip.net\"><span style=\"text-decoration: underline;\"><span style=\"color: #333333;\">www.elitechip.net<\/span><\/span><\/a><\/p>\n<p><strong><a href=\"images\/pdf\/circuitosduatlolloret.pdf\">Mapas<\/a><\/strong><\/p>\n<p style=\"text-align: center;\"><img decoding=\"async\" src=\"images\/stories\/cartelllloret.jpg\" border=\"0\" \/>\u00a0<\/p>\n<\/p><\/div>\n","protected":false},"excerpt":{"rendered":"<p>El pr\u00f3ximo domingo 4 de septiembre se celebra el I Duatl\u00f3 Popular de Lloret de Vistalegre, festes des Sequer. Hora: 11h Lugar: Pla\u00e7a Jaume I inscripciones: www.elitechip.net Mapas \u00a0<\/p>\n","protected":false},"author":1,"featured_media":0,"comment_status":"open","ping_status":"open","sticky":false,"template":"","format":"standard","meta":{"_uag_custom_page_level_css":"","footnotes":""},"categories":[37],"tags":[],"class_list":["post-101","post","type-post","status-publish","format-standard","hentry","category-latest-news"],"uagb_featured_image_src":{"full":false,"thumbnail":false,"medium":false,"medium_large":false,"large":false,"1536x1536":false,"2048x2048":false,"tie-small":false,"tie-large":false,"slider":false},"uagb_author_info":{"display_name":"admin","author_link":"https:\/\/fetrib.com\/web\/author\/admin\/"},"uagb_comment_info":0,"uagb_excerpt":"El pr\u00f3ximo domingo 4 de septiembre se celebra el I Duatl\u00f3 Popular de Lloret de Vistalegre, festes des Sequer. Hora: 11h Lugar: Pla\u00e7a Jaume I inscripciones: www.elitechip.net Mapas \u00a0","_links":{"self":[{"href":"https:\/\/fetrib.com\/web\/wp-json\/wp\/v2\/posts\/101","targetHints":{"allow":["GET"]}}],"collection":[{"href":"https:\/\/fetrib.com\/web\/wp-json\/wp\/v2\/posts"}],"about":[{"href":"https:\/\/fetrib.com\/web\/wp-json\/wp\/v2\/types\/post"}],"author":[{"embeddable":true,"href":"https:\/\/fetrib.com\/web\/wp-json\/wp\/v2\/users\/1"}],"replies":[{"embeddable":true,"href":"https:\/\/fetrib.com\/web\/wp-json\/wp\/v2\/comments?post=101"}],"version-history":[{"count":0,"href":"https:\/\/fetrib.com\/web\/wp-json\/wp\/v2\/posts\/101\/revisions"}],"wp:attachment":[{"href":"https:\/\/fetrib.com\/web\/wp-json\/wp\/v2\/media?parent=101"}],"wp:term":[{"taxonomy":"category","embeddable":true,"href":"https:\/\/fetrib.com\/web\/wp-json\/wp\/v2\/categories?post=101"},{"taxonomy":"post_tag","embeddable":true,"href":"https:\/\/fetrib.com\/web\/wp-json\/wp\/v2\/tags?post=101"}],"curies":[{"name":"wp","href":"https:\/\/api.w.org\/{rel}","templated":true}]}}