{"id":1015,"date":"2013-04-10T07:53:56","date_gmt":"2013-04-10T07:53:56","guid":{"rendered":"http:\/\/www.fetrib.com\/web2018\/news\/latest-news\/entrevista-del-nou-president-a-la-cadena-ser\/"},"modified":"2013-04-10T07:53:56","modified_gmt":"2013-04-10T07:53:56","slug":"entrevista-del-nou-president-a-la-cadena-ser","status":"publish","type":"post","link":"https:\/\/fetrib.com\/web\/2013\/04\/10\/entrevista-del-nou-president-a-la-cadena-ser\/","title":{"rendered":"Entrevista del nou president a la cadena Ser"},"content":{"rendered":"<p><span class=\"caption\"> <\/span><\/p>\n<p style=\"display: inline !important;\">El nou president de la Federaci\u00f3 de les Illes Balears,<\/p>\n<p style=\"display: inline !important;\">Abilio Garcia, i part de la nova junta directiva, visiten els estudis de la cadena SER a Palma, on seran entrevistats per Pere Fullana.<\/p>\n<p style=\"display: inline !important;\">\u00a0<\/p>\n<p style=\"display: inline !important;\">El nou responsable del triatl\u00f3 a les Illes parlar\u00e0 de la situaci\u00f3 actual que viu aquest esport i dels projectes que vol dur endavant durant els propers 4 anys.<\/p>\n<p>\u00a0<\/p>\n<p class=\"caption\">Ser Deportivos Baleares, de 15:30 a 16h<\/p>\n<p>\u00a0<\/p>\n","protected":false},"excerpt":{"rendered":"<p>El nou president de la Federaci\u00f3 de les Illes Balears, Abilio Garcia, i part de la nova junta directiva, visiten els estudis de la cadena SER a Palma, on seran entrevistats per Pere Fullana. \u00a0 El nou responsable del triatl\u00f3 a les Illes parlar\u00e0 de la situaci\u00f3 actual que viu aquest esport i dels projectes &#8230;<\/p>\n","protected":false},"author":1,"featured_media":0,"comment_status":"open","ping_status":"open","sticky":false,"template":"","format":"standard","meta":{"_uag_custom_page_level_css":"","footnotes":""},"categories":[37],"tags":[],"class_list":["post-1015","post","type-post","status-publish","format-standard","hentry","category-latest-news"],"uagb_featured_image_src":{"full":false,"thumbnail":false,"medium":false,"medium_large":false,"large":false,"1536x1536":false,"2048x2048":false,"tie-small":false,"tie-large":false,"slider":false},"uagb_author_info":{"display_name":"admin","author_link":"https:\/\/fetrib.com\/web\/author\/admin\/"},"uagb_comment_info":0,"uagb_excerpt":"El nou president de la Federaci\u00f3 de les Illes Balears, Abilio Garcia, i part de la nova junta directiva, visiten els estudis de la cadena SER a Palma, on seran entrevistats per Pere Fullana. \u00a0 El nou responsable del triatl\u00f3 a les Illes parlar\u00e0 de la situaci\u00f3 actual que viu aquest esport i dels projectes&hellip;","_links":{"self":[{"href":"https:\/\/fetrib.com\/web\/wp-json\/wp\/v2\/posts\/1015","targetHints":{"allow":["GET"]}}],"collection":[{"href":"https:\/\/fetrib.com\/web\/wp-json\/wp\/v2\/posts"}],"about":[{"href":"https:\/\/fetrib.com\/web\/wp-json\/wp\/v2\/types\/post"}],"author":[{"embeddable":true,"href":"https:\/\/fetrib.com\/web\/wp-json\/wp\/v2\/users\/1"}],"replies":[{"embeddable":true,"href":"https:\/\/fetrib.com\/web\/wp-json\/wp\/v2\/comments?post=1015"}],"version-history":[{"count":0,"href":"https:\/\/fetrib.com\/web\/wp-json\/wp\/v2\/posts\/1015\/revisions"}],"wp:attachment":[{"href":"https:\/\/fetrib.com\/web\/wp-json\/wp\/v2\/media?parent=1015"}],"wp:term":[{"taxonomy":"category","embeddable":true,"href":"https:\/\/fetrib.com\/web\/wp-json\/wp\/v2\/categories?post=1015"},{"taxonomy":"post_tag","embeddable":true,"href":"https:\/\/fetrib.com\/web\/wp-json\/wp\/v2\/tags?post=1015"}],"curies":[{"name":"wp","href":"https:\/\/api.w.org\/{rel}","templated":true}]}}