{"id":1016,"date":"2013-04-16T00:00:00","date_gmt":"2013-04-16T00:00:00","guid":{"rendered":"http:\/\/www.fetrib.com\/web2018\/news\/latest-news\/i-training-camp-triathlon-experience100k-europe\/"},"modified":"2013-04-16T00:00:00","modified_gmt":"2013-04-16T00:00:00","slug":"i-training-camp-triathlon-experience100k-europe","status":"publish","type":"post","link":"https:\/\/fetrib.com\/web\/2013\/04\/16\/i-training-camp-triathlon-experience100k-europe\/","title":{"rendered":"I Training Camp Triathlon experience100k Europe"},"content":{"rendered":"<p>Los dias 25 al 28 de Abril 2013 en Can Picafort &#8211; Mallorca se celebrar\u00e1 el primer Training camp organizado por 100k experience.<\/p>\n<p>V\u00edctor del Corral y Santi Pellejero, han dise\u00f1ado un programa de  actividades que incluyen entrenamientos, clinics-formaci\u00f3n y  reconocimiento del circuito experience100k Europe.<\/p>\n<p>  <!--more-->  M\u00e1s informaci\u00f3n sobre el evento <a href=\"http:\/\/experience100k.com\/?p=news&amp;id=13\">aqu\u00ed.<\/a><\/p>\n<p>As\u00ed mismo, el miercoles 24 de Abril se har\u00e1 un reconocimiento del circuito de ciclismo por la ma\u00f1ana y al circuito de carrera por la tarde sin coste alguno y abierto a todo el mundo.  Los reconocimientos contar\u00e1n con la presencia de Victor del Corral y Santi Pellejero. Los que tengais pensado participar en esta prueba que se celebrar\u00e1 el 5 de Octubre no os lo perda\u00eds.<\/p>\n<p>10:00 delante del Hotel Concord para realizar el circuito de ciclismo.<\/p>\n<p><strong>Para m\u00e1s informaci\u00f3n: <\/strong>comunicacion@cimadynamic.com<\/p>\n<p>\u00a0<\/p>\n","protected":false},"excerpt":{"rendered":"<p>Los dias 25 al 28 de Abril 2013 en Can Picafort &#8211; Mallorca se celebrar\u00e1 el primer Training camp organizado por 100k experience. V\u00edctor del Corral y Santi Pellejero, han dise\u00f1ado un programa de actividades que incluyen entrenamientos, clinics-formaci\u00f3n y reconocimiento del circuito experience100k Europe.<\/p>\n","protected":false},"author":1,"featured_media":0,"comment_status":"open","ping_status":"open","sticky":false,"template":"","format":"standard","meta":{"_uag_custom_page_level_css":"","footnotes":""},"categories":[37],"tags":[],"class_list":["post-1016","post","type-post","status-publish","format-standard","hentry","category-latest-news"],"uagb_featured_image_src":{"full":false,"thumbnail":false,"medium":false,"medium_large":false,"large":false,"1536x1536":false,"2048x2048":false,"tie-small":false,"tie-large":false,"slider":false},"uagb_author_info":{"display_name":"admin","author_link":"https:\/\/fetrib.com\/web\/author\/admin\/"},"uagb_comment_info":0,"uagb_excerpt":"Los dias 25 al 28 de Abril 2013 en Can Picafort &#8211; Mallorca se celebrar\u00e1 el primer Training camp organizado por 100k experience. V\u00edctor del Corral y Santi Pellejero, han dise\u00f1ado un programa de actividades que incluyen entrenamientos, clinics-formaci\u00f3n y reconocimiento del circuito experience100k Europe.","_links":{"self":[{"href":"https:\/\/fetrib.com\/web\/wp-json\/wp\/v2\/posts\/1016","targetHints":{"allow":["GET"]}}],"collection":[{"href":"https:\/\/fetrib.com\/web\/wp-json\/wp\/v2\/posts"}],"about":[{"href":"https:\/\/fetrib.com\/web\/wp-json\/wp\/v2\/types\/post"}],"author":[{"embeddable":true,"href":"https:\/\/fetrib.com\/web\/wp-json\/wp\/v2\/users\/1"}],"replies":[{"embeddable":true,"href":"https:\/\/fetrib.com\/web\/wp-json\/wp\/v2\/comments?post=1016"}],"version-history":[{"count":0,"href":"https:\/\/fetrib.com\/web\/wp-json\/wp\/v2\/posts\/1016\/revisions"}],"wp:attachment":[{"href":"https:\/\/fetrib.com\/web\/wp-json\/wp\/v2\/media?parent=1016"}],"wp:term":[{"taxonomy":"category","embeddable":true,"href":"https:\/\/fetrib.com\/web\/wp-json\/wp\/v2\/categories?post=1016"},{"taxonomy":"post_tag","embeddable":true,"href":"https:\/\/fetrib.com\/web\/wp-json\/wp\/v2\/tags?post=1016"}],"curies":[{"name":"wp","href":"https:\/\/api.w.org\/{rel}","templated":true}]}}