{"id":1019,"date":"2015-03-19T10:09:52","date_gmt":"2015-03-19T10:09:52","guid":{"rendered":"http:\/\/www.fetrib.com\/web2018\/news\/latest-news\/manu-garcia-y-miquel-noguera-en-la-concentracion-youth-y-junior-del-pntd-de-la-fetri-en-madrid\/"},"modified":"2015-03-19T10:09:52","modified_gmt":"2015-03-19T10:09:52","slug":"manu-garcia-y-miquel-noguera-en-la-concentracion-youth-y-junior-del-pntd-de-la-fetri-en-madrid","status":"publish","type":"post","link":"https:\/\/fetrib.com\/web\/2015\/03\/19\/manu-garcia-y-miquel-noguera-en-la-concentracion-youth-y-junior-del-pntd-de-la-fetri-en-madrid\/","title":{"rendered":"Manu Garc\u00eda y Miquel Noguera en la concentracion Youth y J\u00fanior del PNTD de la FETRI en Madrid"},"content":{"rendered":"<p class=\"MsoNormal\" style=\"mso-margin-top-alt: auto; mso-margin-bottom-alt: auto; background: white;\"><span style=\"font-size: 10.0pt; font-family: 'Tahoma','sans-serif'; color: #333333;\"><img decoding=\"async\" src=\"images\/eventlist\/Manu y Joan.jpg\" border=\"0\" alt=\"\" width=\"75%\" style=\"display: block; margin-left: auto; margin-right: auto;\" \/>El pasado fin de semana se celebraron en Madrid dos concentraciones que se encuadran dentro del Programa Nacional de Tecnificaci\u00f3n Deportiva de la Federaci\u00f3n Espa\u00f1ola de Triatl\u00f3n.<\/span><\/p>\n<p>  <!--more-->  <\/p>\n<p class=\"MsoNormal\" style=\"mso-margin-top-alt: auto; mso-margin-bottom-alt: auto; background: white;\">\u00a0<\/p>\n<p class=\"MsoNormal\" style=\"mso-margin-top-alt: auto; mso-margin-bottom-alt: auto; background: white;\"><span style=\"font-size: 10.0pt; font-family: 'Tahoma','sans-serif'; color: #333333;\">Hasta all\u00ed se desplazaron el junior Manu Garc\u00eda del Duet Tri&amp;Bikes y \u00a0en categor\u00eda Youth Miquel Noguera del CNLlucmajor que asistieron junto a otros 6 seleccionados a nivel nacional.<\/span><\/p>\n<p class=\"MsoNormal\" style=\"mso-margin-top-alt: auto; mso-margin-bottom-alt: auto; background: white;\"><span style=\"font-size: 10.0pt; font-family: 'Tahoma','sans-serif'; color: #333333;\">Ambos concentrados siguieron un programa en la que se realizaron un test de nataci\u00f3n (8\u00d7200 metros progresivos), un test de ciclismo (5 minutos al m\u00e1ximo en rodillo) y otro de carrera a pie (3000 metros al m\u00e1ximo). Todas estas actuaciones se llevaron a cabo en el Centro de Alto Rendimiento de Madrid.<\/span><\/p>\n<p class=\"MsoNormal\" style=\"mso-margin-top-alt: auto; mso-margin-bottom-alt: auto; background: white;\"><span style=\"font-size: 10.0pt; font-family: 'Tahoma','sans-serif'; color: #333333;\">Los informes de las dos concentraciones con todos los resultados a nivel grupal e individual son los siguientes:<\/span><\/p>\n<p class=\"MsoNormal\" style=\"mso-margin-top-alt: auto; mso-margin-bottom-alt: auto; background: white;\"><span style=\"font-size: 10.0pt; font-family: 'Tahoma','sans-serif'; color: #333333;\">Noguera en youth. <a href=\"http:\/\/triatlon.org\/triweb\/wp-content\/uploads\/2015\/03\/2015.Informe.Concentracion.Youth_.pdf\" target=\"_blank\" rel=\"noreferrer\">http:\/\/triatlon.org\/triweb\/wp-content\/uploads\/2015\/03\/2015.Informe.Concentracion.Youth_.pdf<\/a><\/span><\/p>\n<p class=\"MsoNormal\" style=\"mso-margin-top-alt: auto; mso-margin-bottom-alt: auto; background: white;\"><span style=\"font-size: 10.0pt; font-family: 'Tahoma','sans-serif';\">Garc\u00eda en Junior. <span style=\"color: #333333;\"><a href=\"http:\/\/triatlon.org\/triweb\/wp-content\/uploads\/2015\/03\/2015.Informe.Concentracion.Junior.pdf\" target=\"_blank\" rel=\"noreferrer\">http:\/\/triatlon.org\/triweb\/wp-content\/uploads\/2015\/03\/2015.Informe.Concentracion.Junior.pdf<\/a><\/span><\/span><\/p>\n<p class=\"MsoNormal\" style=\"mso-margin-top-alt: auto; mso-margin-bottom-alt: auto; background: white;\"><span style=\"font-size: 10.0pt; font-family: 'Tahoma','sans-serif'; color: #333333;\">\u00a0<\/span><\/p>\n","protected":false},"excerpt":{"rendered":"<p>El pasado fin de semana se celebraron en Madrid dos concentraciones que se encuadran dentro del Programa Nacional de Tecnificaci\u00f3n Deportiva de la Federaci\u00f3n Espa\u00f1ola de Triatl\u00f3n.<\/p>\n","protected":false},"author":1,"featured_media":0,"comment_status":"open","ping_status":"open","sticky":false,"template":"","format":"standard","meta":{"_uag_custom_page_level_css":"","footnotes":""},"categories":[37],"tags":[],"class_list":["post-1019","post","type-post","status-publish","format-standard","hentry","category-latest-news"],"uagb_featured_image_src":{"full":false,"thumbnail":false,"medium":false,"medium_large":false,"large":false,"1536x1536":false,"2048x2048":false,"tie-small":false,"tie-large":false,"slider":false},"uagb_author_info":{"display_name":"admin","author_link":"https:\/\/fetrib.com\/web\/author\/admin\/"},"uagb_comment_info":0,"uagb_excerpt":"El pasado fin de semana se celebraron en Madrid dos concentraciones que se encuadran dentro del Programa Nacional de Tecnificaci\u00f3n Deportiva de la Federaci\u00f3n Espa\u00f1ola de Triatl\u00f3n.","_links":{"self":[{"href":"https:\/\/fetrib.com\/web\/wp-json\/wp\/v2\/posts\/1019","targetHints":{"allow":["GET"]}}],"collection":[{"href":"https:\/\/fetrib.com\/web\/wp-json\/wp\/v2\/posts"}],"about":[{"href":"https:\/\/fetrib.com\/web\/wp-json\/wp\/v2\/types\/post"}],"author":[{"embeddable":true,"href":"https:\/\/fetrib.com\/web\/wp-json\/wp\/v2\/users\/1"}],"replies":[{"embeddable":true,"href":"https:\/\/fetrib.com\/web\/wp-json\/wp\/v2\/comments?post=1019"}],"version-history":[{"count":0,"href":"https:\/\/fetrib.com\/web\/wp-json\/wp\/v2\/posts\/1019\/revisions"}],"wp:attachment":[{"href":"https:\/\/fetrib.com\/web\/wp-json\/wp\/v2\/media?parent=1019"}],"wp:term":[{"taxonomy":"category","embeddable":true,"href":"https:\/\/fetrib.com\/web\/wp-json\/wp\/v2\/categories?post=1019"},{"taxonomy":"post_tag","embeddable":true,"href":"https:\/\/fetrib.com\/web\/wp-json\/wp\/v2\/tags?post=1019"}],"curies":[{"name":"wp","href":"https:\/\/api.w.org\/{rel}","templated":true}]}}