{"id":1025,"date":"2015-08-29T15:08:39","date_gmt":"2015-08-29T15:08:39","guid":{"rendered":"http:\/\/www.fetrib.com\/web2018\/news\/latest-news\/campionat-de-balears-d-aquatlo-2015\/"},"modified":"2015-08-29T15:08:39","modified_gmt":"2015-08-29T15:08:39","slug":"campionat-de-balears-d-aquatlo-2015","status":"publish","type":"post","link":"https:\/\/fetrib.com\/web\/2015\/08\/29\/campionat-de-balears-d-aquatlo-2015\/","title":{"rendered":"CAMPIONAT DE BALEARS D&#8217;AQUATL\u00d3 2015"},"content":{"rendered":"<p><img loading=\"lazy\" decoding=\"async\" class=\" size-full wp-image-420\" src=\"http:\/\/fetrib.com\/web\/wp-content\/uploads\/2014\/02\/logo-fetrib-web.jpg\" border=\"0\" alt=\"\" style=\"display: block; margin-left: auto; margin-right: auto;\" width=\"196\" height=\"168\" \/><\/p>\n<p>CAMPIONAT DE BALEARS D&#8217;AQUATL\u00d3 2015<\/p>\n<p>La Federaci\u00f3 de Triatl\u00f3 de les Illes Balears organitza el proper 5 de setembre el Campionat de Balears d&#8217;Aquatl\u00f3 a la localitat de Santa Pon\u00e7a, Calvia( L&#8217;arc de sortida se situa just a l&#8217;inici del tram de passeig peatonal existent a la intersecci\u00f3 del Carrer Balneari i l \u0301Avinguda del rei Jaume I).<\/p>\n<p>Aquesta prova estar\u00e0 destinada nom\u00e9s a atletes federats i ser\u00e0 gratuita fins a un limit de 100 participants per categories.<\/p>\n<div class=\"text_exposed_show\">\n<p>Sortida prova infantil: 09:00 h.<br \/> Sortida prova adults: 10:00h.<\/p>\n<p>La prova es disputar\u00e0 sobre unes dist\u00e0ncies de 2,5 km de carrera a peu, 1 km de nataci\u00f3 i 2,5 km de carrera a peu.<\/p>\n<p>Vos podeu inscriure al seg\u00fcent link:<br \/> <a href=\"fetrib\/inscripcio_dni.php?prova=222\" target=\"_blank\" rel=\"nofollow\">http:\/\/fetrib.com\/fetrib\/inscripcio_dni.php?prova=222<\/a><\/p>\n<\/p><\/div>\n","protected":false},"excerpt":{"rendered":"<p>CAMPIONAT DE BALEARS D&#8217;AQUATL\u00d3 2015 La Federaci\u00f3 de Triatl\u00f3 de les Illes Balears organitza el proper 5 de setembre el Campionat de Balears d&#8217;Aquatl\u00f3 a la localitat de Santa Pon\u00e7a, Calvia( L&#8217;arc de sortida se situa just a l&#8217;inici del tram de passeig peatonal existent a la intersecci\u00f3 del Carrer Balneari i l \u0301Avinguda del &#8230;<\/p>\n","protected":false},"author":1,"featured_media":420,"comment_status":"open","ping_status":"open","sticky":false,"template":"","format":"standard","meta":{"_uag_custom_page_level_css":"","footnotes":""},"categories":[37],"tags":[],"class_list":["post-1025","post","type-post","status-publish","format-standard","has-post-thumbnail","hentry","category-latest-news"],"uagb_featured_image_src":{"full":["https:\/\/fetrib.com\/web\/wp-content\/uploads\/2014\/02\/logo-fetrib-web.jpg",196,168,false],"thumbnail":["https:\/\/fetrib.com\/web\/wp-content\/uploads\/2014\/02\/logo-fetrib-web-150x150.jpg",150,150,true],"medium":["https:\/\/fetrib.com\/web\/wp-content\/uploads\/2014\/02\/logo-fetrib-web.jpg",196,168,false],"medium_large":["https:\/\/fetrib.com\/web\/wp-content\/uploads\/2014\/02\/logo-fetrib-web.jpg",196,168,false],"large":["https:\/\/fetrib.com\/web\/wp-content\/uploads\/2014\/02\/logo-fetrib-web.jpg",196,168,false],"1536x1536":["https:\/\/fetrib.com\/web\/wp-content\/uploads\/2014\/02\/logo-fetrib-web.jpg",196,168,false],"2048x2048":["https:\/\/fetrib.com\/web\/wp-content\/uploads\/2014\/02\/logo-fetrib-web.jpg",196,168,false],"tie-small":["https:\/\/fetrib.com\/web\/wp-content\/uploads\/2014\/02\/logo-fetrib-web-70x70.jpg",70,70,true],"tie-large":["https:\/\/fetrib.com\/web\/wp-content\/uploads\/2014\/02\/logo-fetrib-web-196x160.jpg",196,160,true],"slider":["https:\/\/fetrib.com\/web\/wp-content\/uploads\/2014\/02\/logo-fetrib-web.jpg",196,168,false]},"uagb_author_info":{"display_name":"admin","author_link":"https:\/\/fetrib.com\/web\/author\/admin\/"},"uagb_comment_info":0,"uagb_excerpt":"CAMPIONAT DE BALEARS D&#8217;AQUATL\u00d3 2015 La Federaci\u00f3 de Triatl\u00f3 de les Illes Balears organitza el proper 5 de setembre el Campionat de Balears d&#8217;Aquatl\u00f3 a la localitat de Santa Pon\u00e7a, Calvia( L&#8217;arc de sortida se situa just a l&#8217;inici del tram de passeig peatonal existent a la intersecci\u00f3 del Carrer Balneari i l \u0301Avinguda del&hellip;","_links":{"self":[{"href":"https:\/\/fetrib.com\/web\/wp-json\/wp\/v2\/posts\/1025","targetHints":{"allow":["GET"]}}],"collection":[{"href":"https:\/\/fetrib.com\/web\/wp-json\/wp\/v2\/posts"}],"about":[{"href":"https:\/\/fetrib.com\/web\/wp-json\/wp\/v2\/types\/post"}],"author":[{"embeddable":true,"href":"https:\/\/fetrib.com\/web\/wp-json\/wp\/v2\/users\/1"}],"replies":[{"embeddable":true,"href":"https:\/\/fetrib.com\/web\/wp-json\/wp\/v2\/comments?post=1025"}],"version-history":[{"count":0,"href":"https:\/\/fetrib.com\/web\/wp-json\/wp\/v2\/posts\/1025\/revisions"}],"wp:featuredmedia":[{"embeddable":true,"href":"https:\/\/fetrib.com\/web\/wp-json\/wp\/v2\/media\/420"}],"wp:attachment":[{"href":"https:\/\/fetrib.com\/web\/wp-json\/wp\/v2\/media?parent=1025"}],"wp:term":[{"taxonomy":"category","embeddable":true,"href":"https:\/\/fetrib.com\/web\/wp-json\/wp\/v2\/categories?post=1025"},{"taxonomy":"post_tag","embeddable":true,"href":"https:\/\/fetrib.com\/web\/wp-json\/wp\/v2\/tags?post=1025"}],"curies":[{"name":"wp","href":"https:\/\/api.w.org\/{rel}","templated":true}]}}