{"id":1027,"date":"2015-10-05T08:16:13","date_gmt":"2015-10-05T08:16:13","guid":{"rendered":"http:\/\/www.fetrib.com\/web2018\/news\/latest-news\/triatlon-triterra-cala-fornells\/"},"modified":"2015-10-05T08:16:13","modified_gmt":"2015-10-05T08:16:13","slug":"triatlon-triterra-cala-fornells","status":"publish","type":"post","link":"https:\/\/fetrib.com\/web\/2015\/10\/05\/triatlon-triterra-cala-fornells\/","title":{"rendered":"Triatl\u00f3n TriTerra Cala Fornells"},"content":{"rendered":"<p class=\"MsoNormal\"><img decoding=\"async\" src=\"images\/eventlist\/triterrra1.jpg\" border=\"0\" alt=\"\" width=\"75%\/\" style=\"display: block; margin-left: auto; margin-right: auto;\" \/><\/p>\n<p class=\"MsoNormal\">Ayer se disput\u00f3 la primera edici\u00f3n del Triatl\u00f3n TriTerra en Cala Fornells en Paguera \u2013 Calvia.<\/p>\n<p class=\"MsoNormal\">La primera edici\u00f3n de esta prueba in\u00e9dita se disput\u00f3 sobre las distancia Sprint de\u00a0 500m de nataci\u00f3n, 10 km de ciclismo de monta\u00f1a y 3 km finales de puro trail de carrera a pie.<\/p>\n<p class=\"MsoNormal\">La victoria \u00a0de la general fue para fue para \u00a0Miguel Valls y Paula Oliver por delante de\u00a0 Victor Garc\u00eda y Josep Pages en categor\u00eda masculina y\u00a0 Cristina Tortella y Laia Riudavets en f\u00e9minas, que a su vez completaron el p\u00f3dium en categor\u00eda cadetes.<\/p>\n<p class=\"MsoNormal\">Por categor\u00edas los vencedores fueron, Daniela Garc\u00eda en Junior femenina, Gorka Martinez en sub-23 masculina,\u00a0 Pep Vidal y Cata Cardell en Seniors, mientras que en veteranos Toni Clar venci\u00f3 en vet 1 y Guillermo Soler en vet 2.<\/p>\n<p class=\"MsoNormal\">En la prueba especial de relevos la victoria fue para el equipo formado por Hernandez, Serra y Segu\u00ed.<\/p>\n<p>La clasificaci\u00f3n general de clubs fue para\u00a0 el club anfitri\u00f3n y organizador del evento\u00a0 Xtrem Calvia en primera posici\u00f3n y el club CCAndratx Triatl\u00f3n finaliz\u00f3 segundo.<\/p>\n","protected":false},"excerpt":{"rendered":"<p>Ayer se disput\u00f3 la primera edici\u00f3n del Triatl\u00f3n TriTerra en Cala Fornells en Paguera \u2013 Calvia. La primera edici\u00f3n de esta prueba in\u00e9dita se disput\u00f3 sobre las distancia Sprint de\u00a0 500m de nataci\u00f3n, 10 km de ciclismo de monta\u00f1a y 3 km finales de puro trail de carrera a pie. La victoria \u00a0de la general &#8230;<\/p>\n","protected":false},"author":1,"featured_media":0,"comment_status":"open","ping_status":"open","sticky":false,"template":"","format":"standard","meta":{"_uag_custom_page_level_css":"","footnotes":""},"categories":[37],"tags":[],"class_list":["post-1027","post","type-post","status-publish","format-standard","hentry","category-latest-news"],"uagb_featured_image_src":{"full":false,"thumbnail":false,"medium":false,"medium_large":false,"large":false,"1536x1536":false,"2048x2048":false,"tie-small":false,"tie-large":false,"slider":false},"uagb_author_info":{"display_name":"admin","author_link":"https:\/\/fetrib.com\/web\/author\/admin\/"},"uagb_comment_info":0,"uagb_excerpt":"Ayer se disput\u00f3 la primera edici\u00f3n del Triatl\u00f3n TriTerra en Cala Fornells en Paguera \u2013 Calvia. La primera edici\u00f3n de esta prueba in\u00e9dita se disput\u00f3 sobre las distancia Sprint de\u00a0 500m de nataci\u00f3n, 10 km de ciclismo de monta\u00f1a y 3 km finales de puro trail de carrera a pie. La victoria \u00a0de la general&hellip;","_links":{"self":[{"href":"https:\/\/fetrib.com\/web\/wp-json\/wp\/v2\/posts\/1027","targetHints":{"allow":["GET"]}}],"collection":[{"href":"https:\/\/fetrib.com\/web\/wp-json\/wp\/v2\/posts"}],"about":[{"href":"https:\/\/fetrib.com\/web\/wp-json\/wp\/v2\/types\/post"}],"author":[{"embeddable":true,"href":"https:\/\/fetrib.com\/web\/wp-json\/wp\/v2\/users\/1"}],"replies":[{"embeddable":true,"href":"https:\/\/fetrib.com\/web\/wp-json\/wp\/v2\/comments?post=1027"}],"version-history":[{"count":0,"href":"https:\/\/fetrib.com\/web\/wp-json\/wp\/v2\/posts\/1027\/revisions"}],"wp:attachment":[{"href":"https:\/\/fetrib.com\/web\/wp-json\/wp\/v2\/media?parent=1027"}],"wp:term":[{"taxonomy":"category","embeddable":true,"href":"https:\/\/fetrib.com\/web\/wp-json\/wp\/v2\/categories?post=1027"},{"taxonomy":"post_tag","embeddable":true,"href":"https:\/\/fetrib.com\/web\/wp-json\/wp\/v2\/tags?post=1027"}],"curies":[{"name":"wp","href":"https:\/\/api.w.org\/{rel}","templated":true}]}}