{"id":1029,"date":"2015-10-13T08:55:54","date_gmt":"2015-10-13T08:55:54","guid":{"rendered":"http:\/\/www.fetrib.com\/web2018\/news\/latest-news\/campeonato-de-espana-duatlon-cross-2015\/"},"modified":"2015-10-13T08:55:54","modified_gmt":"2015-10-13T08:55:54","slug":"campeonato-de-espana-duatlon-cross-2015","status":"publish","type":"post","link":"https:\/\/fetrib.com\/web\/2015\/10\/13\/campeonato-de-espana-duatlon-cross-2015\/","title":{"rendered":"Campeonato de Espa\u00f1a duatlon Cross 2015"},"content":{"rendered":"<div id=\"AppleMailSignature\"><img decoding=\"async\" src=\"images\/eventlist\/ctesptricros2015.jpg\" border=\"0\" alt=\"\" width=\"75%\" style=\"display: block; margin-left: auto; margin-right: auto;\" \/><\/div>\n<div>Paula Oliver se proclama nueva campeona de Espa\u00f1a de duatl\u00f3n cross en su primera temporada como cadete femenina en Castro Urdiales,Cantabria. Su hermano Carlos Oliver se hace con el sub-campeonato nacional en cadetes masculino. El resto de cadetes,Josep Pagues 5\u00b0,Miquel Valls 9\u00b0, Miquel Riusech 13\u00b0,Biel Tomas 20\u00b0,Charlie Foster 22\u00b0,Alvaro Sagrado 30\u00b0,Adrian Ehremberger 32\u00b0 y el chicas Cristia Tortella 6\u00b0, Laia Riudavets 8\u00b0, Ana Soler 9\u00b0 y Maria Amengual 15\u00b0.<\/div>\n<div id=\"AppleMailSignature\">En juniors Nil Riudavets consigue un excelente tercera posici\u00f3n y Ferran Ferr\u00e9 6\u00b0,mientras en chicas Daniela Garc\u00eda hizo cuarta.<\/div>\n<div id=\"AppleMailSignature\">La prueba estelar de \u00c9lites \u00a0se inici\u00f3 con retraso a causa de la fuerte lluvia,recortando las distancias a formato sprint donde el \u00fanico represenante Balear,Albert Gelabert finaliz\u00f3 en una m\u00e1s que meritoria 32\u00b0 posici\u00f3n.<\/div>\n<div id=\"AppleMailSignature\">En categor\u00edas especiales de grupos de edad, Guiem Soler se llev\u00f3 el t\u00edtulo nacional mientras Marti Verdejo finaliz\u00f3 5\u00b0, \u00a0Toni Salas 3\u00b0,Luis Arce el 12\u00b0,Xisco Facius 12\u00b0 y Guillermo Soler 3\u00b0 en sus respectivas categor\u00edas.<\/div>\n<div id=\"AppleMailSignature\">\u00a0<\/div>\n<div id=\"AppleMailSignature\">Por clubs el Xtrem Calvia hace doblete llevandose \u00a0los t\u00edtulos \u00a0nacionales en cadetes masculinos y femininos.<\/div>\n<div id=\"AppleMailSignature\">\u00a0<\/div>\n<div id=\"AppleMailSignature\">Con la prueba de campeonato de Espa\u00f1a de Duatl\u00f3n Cross concluyen tres jornadas de multideporte que se inici\u00f3 el pasado s\u00e1bado con la disputa del Campeonato de Europa y de Espa\u00f1a de Duatlon Cross junto a la prueba del domingo con el nacional de Quadriatl\u00f3n, contando en todas ellas con una nutrida representaci\u00f3n Balear.<\/div>\n","protected":false},"excerpt":{"rendered":"<p>Paula Oliver se proclama nueva campeona de Espa\u00f1a de duatl\u00f3n cross en su primera temporada como cadete femenina en Castro Urdiales,Cantabria. Su hermano Carlos Oliver se hace con el sub-campeonato nacional en cadetes masculino. El resto de cadetes,Josep Pagues 5\u00b0,Miquel Valls 9\u00b0, Miquel Riusech 13\u00b0,Biel Tomas 20\u00b0,Charlie Foster 22\u00b0,Alvaro Sagrado 30\u00b0,Adrian Ehremberger 32\u00b0 y el &#8230;<\/p>\n","protected":false},"author":1,"featured_media":0,"comment_status":"open","ping_status":"open","sticky":false,"template":"","format":"standard","meta":{"_uag_custom_page_level_css":"","footnotes":""},"categories":[37],"tags":[],"class_list":["post-1029","post","type-post","status-publish","format-standard","hentry","category-latest-news"],"uagb_featured_image_src":{"full":false,"thumbnail":false,"medium":false,"medium_large":false,"large":false,"1536x1536":false,"2048x2048":false,"tie-small":false,"tie-large":false,"slider":false},"uagb_author_info":{"display_name":"admin","author_link":"https:\/\/fetrib.com\/web\/author\/admin\/"},"uagb_comment_info":0,"uagb_excerpt":"Paula Oliver se proclama nueva campeona de Espa\u00f1a de duatl\u00f3n cross en su primera temporada como cadete femenina en Castro Urdiales,Cantabria. Su hermano Carlos Oliver se hace con el sub-campeonato nacional en cadetes masculino. El resto de cadetes,Josep Pagues 5\u00b0,Miquel Valls 9\u00b0, Miquel Riusech 13\u00b0,Biel Tomas 20\u00b0,Charlie Foster 22\u00b0,Alvaro Sagrado 30\u00b0,Adrian Ehremberger 32\u00b0 y el&hellip;","_links":{"self":[{"href":"https:\/\/fetrib.com\/web\/wp-json\/wp\/v2\/posts\/1029","targetHints":{"allow":["GET"]}}],"collection":[{"href":"https:\/\/fetrib.com\/web\/wp-json\/wp\/v2\/posts"}],"about":[{"href":"https:\/\/fetrib.com\/web\/wp-json\/wp\/v2\/types\/post"}],"author":[{"embeddable":true,"href":"https:\/\/fetrib.com\/web\/wp-json\/wp\/v2\/users\/1"}],"replies":[{"embeddable":true,"href":"https:\/\/fetrib.com\/web\/wp-json\/wp\/v2\/comments?post=1029"}],"version-history":[{"count":0,"href":"https:\/\/fetrib.com\/web\/wp-json\/wp\/v2\/posts\/1029\/revisions"}],"wp:attachment":[{"href":"https:\/\/fetrib.com\/web\/wp-json\/wp\/v2\/media?parent=1029"}],"wp:term":[{"taxonomy":"category","embeddable":true,"href":"https:\/\/fetrib.com\/web\/wp-json\/wp\/v2\/categories?post=1029"},{"taxonomy":"post_tag","embeddable":true,"href":"https:\/\/fetrib.com\/web\/wp-json\/wp\/v2\/tags?post=1029"}],"curies":[{"name":"wp","href":"https:\/\/api.w.org\/{rel}","templated":true}]}}