{"id":1036,"date":"2016-01-24T19:26:33","date_gmt":"2016-01-24T19:26:33","guid":{"rendered":"http:\/\/www.fetrib.com\/web2018\/news\/latest-news\/duatlo-arta-2016\/"},"modified":"2016-01-24T19:26:33","modified_gmt":"2016-01-24T19:26:33","slug":"duatlo-arta-2016","status":"publish","type":"post","link":"https:\/\/fetrib.com\/web\/2016\/01\/24\/duatlo-arta-2016\/","title":{"rendered":"Duatl\u00f3 Art\u00e0 2016"},"content":{"rendered":"<p><img decoding=\"async\" class=\" size-full wp-image-645\" src=\"http:\/\/fetrib.com\/web\/wp-content\/uploads\/2016\/01\/IMG_20160124_195148.jpg\" border=\"0\" alt=\"\" width=\"75%\" srcset=\"https:\/\/fetrib.com\/web\/wp-content\/uploads\/2016\/01\/IMG_20160124_195148.jpg 1000w, https:\/\/fetrib.com\/web\/wp-content\/uploads\/2016\/01\/IMG_20160124_195148-300x194.jpg 300w, https:\/\/fetrib.com\/web\/wp-content\/uploads\/2016\/01\/IMG_20160124_195148-768x495.jpg 768w\" sizes=\"(max-width: 1000px) 100vw, 1000px\" \/><\/p>\n<p>El campe\u00f3n del mundo de duatl\u00f3n Emilio Mart\u00edn y Mavi Garc\u00eda vencen el duatl\u00f3n de Art\u00e1.<\/p>\n<p>La VI edici\u00f3n del Duatl\u00f3n de Art\u00e1,sobre distancia sprint,pasar\u00e1 a la historia gracias a su cartel de lujo en en l\u00ednea de salida,entre ellos el actual campe\u00f3n del mundo de la modalidad Emilio Mart\u00edn que tubo que luchar para hacerse con la victoria por delante de Miguel Angel Fidalgo y Toni Rold\u00e1n.<\/p>\n<p>En categor\u00eda femenina la victoria fue para Mavi Garc\u00eda por delante de Roc\u00edo Delagado y Laia Riudavets.<\/p>\n<p>La clasificaci\u00f3n final de clubs fue para M3T Ferrer Hotels- 3G, CNLlucmajor segundos y CEGarden Hotels terceros.<\/p>\n","protected":false},"excerpt":{"rendered":"<p>El campe\u00f3n del mundo de duatl\u00f3n Emilio Mart\u00edn y Mavi Garc\u00eda vencen el duatl\u00f3n de Art\u00e1. La VI edici\u00f3n del Duatl\u00f3n de Art\u00e1,sobre distancia sprint,pasar\u00e1 a la historia gracias a su cartel de lujo en en l\u00ednea de salida,entre ellos el actual campe\u00f3n del mundo de la modalidad Emilio Mart\u00edn que tubo que luchar para &#8230;<\/p>\n","protected":false},"author":1,"featured_media":645,"comment_status":"open","ping_status":"open","sticky":false,"template":"","format":"standard","meta":{"_uag_custom_page_level_css":"","footnotes":""},"categories":[37],"tags":[],"class_list":["post-1036","post","type-post","status-publish","format-standard","has-post-thumbnail","hentry","category-latest-news"],"uagb_featured_image_src":{"full":["https:\/\/fetrib.com\/web\/wp-content\/uploads\/2016\/01\/IMG_20160124_195148.jpg",1000,645,false],"thumbnail":["https:\/\/fetrib.com\/web\/wp-content\/uploads\/2016\/01\/IMG_20160124_195148-150x150.jpg",150,150,true],"medium":["https:\/\/fetrib.com\/web\/wp-content\/uploads\/2016\/01\/IMG_20160124_195148-300x194.jpg",300,194,true],"medium_large":["https:\/\/fetrib.com\/web\/wp-content\/uploads\/2016\/01\/IMG_20160124_195148-768x495.jpg",620,400,true],"large":["https:\/\/fetrib.com\/web\/wp-content\/uploads\/2016\/01\/IMG_20160124_195148.jpg",620,400,false],"1536x1536":["https:\/\/fetrib.com\/web\/wp-content\/uploads\/2016\/01\/IMG_20160124_195148.jpg",1000,645,false],"2048x2048":["https:\/\/fetrib.com\/web\/wp-content\/uploads\/2016\/01\/IMG_20160124_195148.jpg",1000,645,false],"tie-small":["https:\/\/fetrib.com\/web\/wp-content\/uploads\/2016\/01\/IMG_20160124_195148-70x70.jpg",70,70,true],"tie-large":["https:\/\/fetrib.com\/web\/wp-content\/uploads\/2016\/01\/IMG_20160124_195148-300x160.jpg",300,160,true],"slider":["https:\/\/fetrib.com\/web\/wp-content\/uploads\/2016\/01\/IMG_20160124_195148-620x330.jpg",620,330,true]},"uagb_author_info":{"display_name":"admin","author_link":"https:\/\/fetrib.com\/web\/author\/admin\/"},"uagb_comment_info":0,"uagb_excerpt":"El campe\u00f3n del mundo de duatl\u00f3n Emilio Mart\u00edn y Mavi Garc\u00eda vencen el duatl\u00f3n de Art\u00e1. La VI edici\u00f3n del Duatl\u00f3n de Art\u00e1,sobre distancia sprint,pasar\u00e1 a la historia gracias a su cartel de lujo en en l\u00ednea de salida,entre ellos el actual campe\u00f3n del mundo de la modalidad Emilio Mart\u00edn que tubo que luchar para&hellip;","_links":{"self":[{"href":"https:\/\/fetrib.com\/web\/wp-json\/wp\/v2\/posts\/1036","targetHints":{"allow":["GET"]}}],"collection":[{"href":"https:\/\/fetrib.com\/web\/wp-json\/wp\/v2\/posts"}],"about":[{"href":"https:\/\/fetrib.com\/web\/wp-json\/wp\/v2\/types\/post"}],"author":[{"embeddable":true,"href":"https:\/\/fetrib.com\/web\/wp-json\/wp\/v2\/users\/1"}],"replies":[{"embeddable":true,"href":"https:\/\/fetrib.com\/web\/wp-json\/wp\/v2\/comments?post=1036"}],"version-history":[{"count":0,"href":"https:\/\/fetrib.com\/web\/wp-json\/wp\/v2\/posts\/1036\/revisions"}],"wp:featuredmedia":[{"embeddable":true,"href":"https:\/\/fetrib.com\/web\/wp-json\/wp\/v2\/media\/645"}],"wp:attachment":[{"href":"https:\/\/fetrib.com\/web\/wp-json\/wp\/v2\/media?parent=1036"}],"wp:term":[{"taxonomy":"category","embeddable":true,"href":"https:\/\/fetrib.com\/web\/wp-json\/wp\/v2\/categories?post=1036"},{"taxonomy":"post_tag","embeddable":true,"href":"https:\/\/fetrib.com\/web\/wp-json\/wp\/v2\/tags?post=1036"}],"curies":[{"name":"wp","href":"https:\/\/api.w.org\/{rel}","templated":true}]}}