{"id":1037,"date":"2017-05-26T10:29:33","date_gmt":"2017-05-26T10:29:33","guid":{"rendered":"http:\/\/www.fetrib.com\/web2018\/news\/latest-news\/criteris-de-seleccio-para-a-la-disputa-del-campionat-d-espana-de-triatlo-per-autonomies-2017\/"},"modified":"2018-05-21T11:52:12","modified_gmt":"2018-05-21T11:52:12","slug":"criteris-de-seleccio-para-a-la-disputa-del-campionat-d-espana-de-triatlo-per-autonomies-2017","status":"publish","type":"post","link":"https:\/\/fetrib.com\/web\/2017\/05\/26\/criteris-de-seleccio-para-a-la-disputa-del-campionat-d-espana-de-triatlo-per-autonomies-2017\/","title":{"rendered":"Criteris de selecci\u00f3 para a la disputa del Campionat d\u2019Espa\u00f1a de Triatl\u00f3 per Autonomies 2017"},"content":{"rendered":"<p><img loading=\"lazy\" decoding=\"async\" class=\" size-full wp-image-420\" src=\"http:\/\/fetrib.com\/web\/wp-content\/uploads\/2014\/02\/logo-fetrib-web.jpg\" border=\"0\" alt=\"\" style=\"display: block; margin-left: auto; margin-right: auto;\" width=\"196\" height=\"168\" \/><\/p>\n<p>\u00a0<\/p>\n<p class=\"MsoNormal\"><span style=\"mso-ansi-language: CA;\" lang=\"CA\">El 24 i 25 de juny de 2017 es disputar\u00e0 el Campionat d\u2019Espanya de Triatl\u00f3 per Autonomies a la localitat d\u2019Almansa.<\/span><\/p>\n<p class=\"MsoNormal\"><span style=\"mso-ansi-language: CA;\" lang=\"CA\">La FETRIB t\u00e9 el prop\u00f2sit de participar amb 6 esportistes masculins i 6 femenins.<\/span><\/p>\n<p class=\"MsoNormal\"><span style=\"mso-ansi-language: CA;\" lang=\"CA\">Informaci\u00f3 de la prova: <\/span><\/p>\n<p class=\"MsoNormal\"><span style=\"mso-ansi-language: CA;\" lang=\"CA\">http:\/\/triatlon.org\/triweb\/index.php\/competicion\/2017-campeonato-de-espana-de-triatlon-por-autonomias\/<\/span><\/p>\n<p class=\"MsoNormal\"><span style=\"mso-ansi-language: CA;\" lang=\"CA\">La FETRIB assumir\u00e0 les despeses del transport, allotjament i dietes.<\/span><\/p>\n<p class=\"MsoNormal\"><span style=\"mso-ansi-language: CA;\" lang=\"CA\">Els criteris de selecci\u00f3<span style=\"mso-spacerun: yes;\">\u00a0 <\/span>en categoria masculina y femenina son els seg\u00fcents:<\/span><\/p>\n<p class=\"MsoNormal\"><span style=\"mso-ansi-language: CA;\" lang=\"CA\">Obtenen pla\u00e7a directe:<\/span><\/p>\n<p class=\"MsoListParagraphCxSpFirst\" style=\"text-indent: -18.0pt; mso-list: l0 level1 lfo1;\"><span style=\"mso-ascii-font-family: Calibri; mso-fareast-font-family: Calibri; mso-hansi-font-family: Calibri; mso-bidi-font-family: Calibri; mso-ansi-language: CA;\" lang=\"CA\"><span style=\"mso-list: Ignore;\">&#8211;<span style=\"font: 7.0pt 'Times New Roman';\">\u00a0\u00a0\u00a0\u00a0\u00a0\u00a0\u00a0 <\/span><\/span><\/span><span style=\"mso-ansi-language: CA;\" lang=\"CA\">El primer\/a<span style=\"mso-spacerun: yes;\">\u00a0 <\/span>classificat\/a federat\/a amb la FETRIB del Triatl\u00f3 Es Castell distancia Sprint a disputar el proper 11 de juny a Menorca.<\/span><\/p>\n<p class=\"MsoListParagraphCxSpLast\" style=\"text-indent: -18.0pt; mso-list: l0 level1 lfo1;\"><span style=\"mso-ascii-font-family: Calibri; mso-fareast-font-family: Calibri; mso-hansi-font-family: Calibri; mso-bidi-font-family: Calibri; mso-ansi-language: CA;\" lang=\"CA\"><span style=\"mso-list: Ignore;\">&#8211;<span style=\"font: 7.0pt 'Times New Roman';\">\u00a0\u00a0\u00a0\u00a0\u00a0\u00a0\u00a0 <\/span><\/span><\/span><span style=\"mso-ansi-language: CA;\" lang=\"CA\">Els 2 primers classificats\/des federats\/des amb la FETRIB del Triatl\u00f3 Sprint d\u2019Andratx a disputar el proper 11 de juny.<\/span><\/p>\n<p class=\"MsoNormal\"><span style=\"mso-ansi-language: CA;\" lang=\"CA\">La resta de places es decidiran a criteri t\u00e8cnic per part de la FETRIB en base als resultats obtinguts a les diverses proves realitzades durant la temporada.<\/span><\/p>\n<p class=\"MsoNormal\"><span style=\"mso-ansi-language: CA;\" lang=\"CA\">La direcci\u00f3 t\u00e8cnica Fetrib<\/span><\/p>\n<p>\u00a0<\/p>\n","protected":false},"excerpt":{"rendered":"<p>\u00a0 El 24 i 25 de juny de 2017 es disputar\u00e0 el Campionat d\u2019Espanya de Triatl\u00f3 per Autonomies a la localitat d\u2019Almansa. La FETRIB t\u00e9 el prop\u00f2sit de participar amb 6 esportistes masculins i 6 femenins. Informaci\u00f3 de la prova: http:\/\/triatlon.org\/triweb\/index.php\/competicion\/2017-campeonato-de-espana-de-triatlon-por-autonomias\/ La FETRIB assumir\u00e0 les despeses del transport, allotjament i dietes. Els criteris de selecci\u00f3\u00a0 &#8230;<\/p>\n","protected":false},"author":1,"featured_media":420,"comment_status":"open","ping_status":"open","sticky":false,"template":"","format":"standard","meta":{"_uag_custom_page_level_css":"","footnotes":""},"categories":[62,37],"tags":[],"class_list":["post-1037","post","type-post","status-publish","format-standard","has-post-thumbnail","hentry","category-criteris-seleccio","category-latest-news"],"uagb_featured_image_src":{"full":["https:\/\/fetrib.com\/web\/wp-content\/uploads\/2014\/02\/logo-fetrib-web.jpg",196,168,false],"thumbnail":["https:\/\/fetrib.com\/web\/wp-content\/uploads\/2014\/02\/logo-fetrib-web-150x150.jpg",150,150,true],"medium":["https:\/\/fetrib.com\/web\/wp-content\/uploads\/2014\/02\/logo-fetrib-web.jpg",196,168,false],"medium_large":["https:\/\/fetrib.com\/web\/wp-content\/uploads\/2014\/02\/logo-fetrib-web.jpg",196,168,false],"large":["https:\/\/fetrib.com\/web\/wp-content\/uploads\/2014\/02\/logo-fetrib-web.jpg",196,168,false],"1536x1536":["https:\/\/fetrib.com\/web\/wp-content\/uploads\/2014\/02\/logo-fetrib-web.jpg",196,168,false],"2048x2048":["https:\/\/fetrib.com\/web\/wp-content\/uploads\/2014\/02\/logo-fetrib-web.jpg",196,168,false],"tie-small":["https:\/\/fetrib.com\/web\/wp-content\/uploads\/2014\/02\/logo-fetrib-web-70x70.jpg",70,70,true],"tie-large":["https:\/\/fetrib.com\/web\/wp-content\/uploads\/2014\/02\/logo-fetrib-web-196x160.jpg",196,160,true],"slider":["https:\/\/fetrib.com\/web\/wp-content\/uploads\/2014\/02\/logo-fetrib-web.jpg",196,168,false]},"uagb_author_info":{"display_name":"admin","author_link":"https:\/\/fetrib.com\/web\/author\/admin\/"},"uagb_comment_info":0,"uagb_excerpt":"\u00a0 El 24 i 25 de juny de 2017 es disputar\u00e0 el Campionat d\u2019Espanya de Triatl\u00f3 per Autonomies a la localitat d\u2019Almansa. La FETRIB t\u00e9 el prop\u00f2sit de participar amb 6 esportistes masculins i 6 femenins. Informaci\u00f3 de la prova: http:\/\/triatlon.org\/triweb\/index.php\/competicion\/2017-campeonato-de-espana-de-triatlon-por-autonomias\/ La FETRIB assumir\u00e0 les despeses del transport, allotjament i dietes. Els criteris de selecci\u00f3\u00a0&hellip;","_links":{"self":[{"href":"https:\/\/fetrib.com\/web\/wp-json\/wp\/v2\/posts\/1037","targetHints":{"allow":["GET"]}}],"collection":[{"href":"https:\/\/fetrib.com\/web\/wp-json\/wp\/v2\/posts"}],"about":[{"href":"https:\/\/fetrib.com\/web\/wp-json\/wp\/v2\/types\/post"}],"author":[{"embeddable":true,"href":"https:\/\/fetrib.com\/web\/wp-json\/wp\/v2\/users\/1"}],"replies":[{"embeddable":true,"href":"https:\/\/fetrib.com\/web\/wp-json\/wp\/v2\/comments?post=1037"}],"version-history":[{"count":1,"href":"https:\/\/fetrib.com\/web\/wp-json\/wp\/v2\/posts\/1037\/revisions"}],"predecessor-version":[{"id":1762,"href":"https:\/\/fetrib.com\/web\/wp-json\/wp\/v2\/posts\/1037\/revisions\/1762"}],"wp:featuredmedia":[{"embeddable":true,"href":"https:\/\/fetrib.com\/web\/wp-json\/wp\/v2\/media\/420"}],"wp:attachment":[{"href":"https:\/\/fetrib.com\/web\/wp-json\/wp\/v2\/media?parent=1037"}],"wp:term":[{"taxonomy":"category","embeddable":true,"href":"https:\/\/fetrib.com\/web\/wp-json\/wp\/v2\/categories?post=1037"},{"taxonomy":"post_tag","embeddable":true,"href":"https:\/\/fetrib.com\/web\/wp-json\/wp\/v2\/tags?post=1037"}],"curies":[{"name":"wp","href":"https:\/\/api.w.org\/{rel}","templated":true}]}}