{"id":1038,"date":"2017-06-30T15:53:54","date_gmt":"2017-06-30T15:53:54","guid":{"rendered":"http:\/\/www.fetrib.com\/web2018\/news\/latest-news\/port-d-alcudia-international-long-aquathlon\/"},"modified":"2017-06-30T15:53:54","modified_gmt":"2017-06-30T15:53:54","slug":"port-d-alcudia-international-long-aquathlon","status":"publish","type":"post","link":"https:\/\/fetrib.com\/web\/2017\/06\/30\/port-d-alcudia-international-long-aquathlon\/","title":{"rendered":"PORT D&#8217;ALCUDIA INTERNATIONAL LONG AQUATHLON"},"content":{"rendered":"<p><img decoding=\"async\" class=\" size-full wp-image-753\" src=\"http:\/\/fetrib.com\/web\/wp-content\/uploads\/2017\/06\/Podium-Long.jpg\" border=\"0\" alt=\"\" width=\"75%\" style=\"display: block; margin-left: auto; margin-right: auto;\" srcset=\"https:\/\/fetrib.com\/web\/wp-content\/uploads\/2017\/06\/Podium-Long.jpg 480w, https:\/\/fetrib.com\/web\/wp-content\/uploads\/2017\/06\/Podium-Long-225x300.jpg 225w\" sizes=\"(max-width: 480px) 100vw, 480px\" \/><\/p>\n<p>No se puede entrar m\u00e1s fuerte en el calendario balear. La novedosa prueba en la disciplina de Aquathlon, y en su modalidad de Larga distancia, se disput\u00f3 en el Port d&#8217;Alcudia y colg\u00f3 el letrero de \u00absold out\u00bb a tres d\u00edas de su cita.<\/p>\n<p>  <!--more-->  <\/p>\n<p>En la ma\u00f1ana deportiva, se disputaron dos modalidades de Aquathlon, que congreg\u00f3 a m\u00e1s de 230 atletas que llenaron de diversi\u00f3n y deporte la playa del Port d&#8217;Alcudia, lo que hizo que fuera, junto a la gran organizaci\u00f3n por el club Hotel Bah\u00eda de Alcudia Triatl\u00f3n, todo un \u00e9xito, y m\u00e1s teniendo en cuenta que era su primera edici\u00f3n y viendo la apretada agenda deportiva semana tras semana, <br \/>En La prueba estrella, la Long Aquathlon, el podium masculino estuvo muy re\u00f1ido y que al final la balanza cay\u00f3 en manos de Lluis Rodas, del club Ferrer Hotels &#8211; MT3, con un tiempo de 1:04:52, seguido de Iv\u00e1n Mu\u00f1oz, del mismo club, con un tiempo de 1:05:17, y en tercera posici\u00f3n fue para Manu ca\u00f1o L\u00f3pez, que par\u00f3 el cromo con un tiempo de 1:06:56. En cuarta posici\u00f3n y con un tiempo de 1:10:59 fue para el atleta del club organizador, Hotel Bah\u00eda de Alcudia Triatl\u00f3n, Toni salas.<br \/>En chicas, patricia Cardona, del club Global training, fue la primera en cruzar la l\u00ednea de meta con un tiempo de 1:19:32, seguida de Dolores Fern\u00e1ndez, del mismo club, con un tiempo de 1:20:54, y en tercer lugar Isabel Maria de Fuertes Jaume con un tiempo de 1:30:45.<br \/>En la prueba sprint, el primero en cruzar la l\u00ednea de meta fue Mario Ca\u00f1o, del club Amistad-Fisio Planet, con un tiempo de 30minutos 37 segundos, seguido de Joan Reynes, del Club Natacio Palma, con un tiempo de 31:12, y en tercera posici\u00f3n Josep Miquel Oliver, del club Natacio Llucmajor,mon un tiempo de 32:48.<br \/>En chicas, Cloe Serra fue la primera en cruzar la meta con un 38:50, seguida de \u00c1ngela sois, del club Can Calco, con un tiempo 40:24 y en tercer lugar bel martorell con un tiempo 41:04.<br \/>En relevos, Juan Carlos guerrero y Andr\u00e9s Perales hicieron doblete subiendo al primer caj\u00f3n de ambas pruebas disputadas, seguidos, en distancia Long, por Alberto mangas y Francisco jos\u00e9 verger y Miguel espinosa y Sebasti\u00e1n cifre. En la distancia sprint, tras los intratables guerreo | Perales entraron Rafael \u00c1ngel Acedo y \u00c1ngeles Payeras y Francisco Rover y Jaime Garcias. <br \/>el presidente del club organizador, kiko Mar\u00edn, hizo un homenaje y entreg\u00f3 una distinci\u00f3n a Mari Carmen Soler, atleta invidente que compiti\u00f3 con su gu\u00eda, Teresa Prior, en la distancia sprint, quien fue muy apoyada en todo momento por el p\u00fablico asistente, as\u00ed como al delegado territorial de la Once en Baleares, D. Josep Vilaseca, por el tes\u00f3n y gesti\u00f3n al frente de dicha organizaci\u00f3n. <br \/>Tambien nos cuenta lo duro que ha sido montar un evento con tantas pruebas deportivas, y con una humilde declaraci\u00f3n nos dice que ha habido errores y que se subsanaran de cara a la segunda edici\u00f3n, pero que ahora toca disfrutar del \u00e9xito obtenidos.<\/p>\n","protected":false},"excerpt":{"rendered":"<p>No se puede entrar m\u00e1s fuerte en el calendario balear. La novedosa prueba en la disciplina de Aquathlon, y en su modalidad de Larga distancia, se disput\u00f3 en el Port d&#8217;Alcudia y colg\u00f3 el letrero de \u00absold out\u00bb a tres d\u00edas de su cita.<\/p>\n","protected":false},"author":1,"featured_media":753,"comment_status":"open","ping_status":"open","sticky":false,"template":"","format":"standard","meta":{"_uag_custom_page_level_css":"","footnotes":""},"categories":[37],"tags":[],"class_list":["post-1038","post","type-post","status-publish","format-standard","has-post-thumbnail","hentry","category-latest-news"],"uagb_featured_image_src":{"full":["https:\/\/fetrib.com\/web\/wp-content\/uploads\/2017\/06\/Podium-Long.jpg",480,640,false],"thumbnail":["https:\/\/fetrib.com\/web\/wp-content\/uploads\/2017\/06\/Podium-Long-150x150.jpg",150,150,true],"medium":["https:\/\/fetrib.com\/web\/wp-content\/uploads\/2017\/06\/Podium-Long-225x300.jpg",225,300,true],"medium_large":["https:\/\/fetrib.com\/web\/wp-content\/uploads\/2017\/06\/Podium-Long.jpg",480,640,false],"large":["https:\/\/fetrib.com\/web\/wp-content\/uploads\/2017\/06\/Podium-Long.jpg",480,640,false],"1536x1536":["https:\/\/fetrib.com\/web\/wp-content\/uploads\/2017\/06\/Podium-Long.jpg",480,640,false],"2048x2048":["https:\/\/fetrib.com\/web\/wp-content\/uploads\/2017\/06\/Podium-Long.jpg",480,640,false],"tie-small":["https:\/\/fetrib.com\/web\/wp-content\/uploads\/2017\/06\/Podium-Long-70x70.jpg",70,70,true],"tie-large":["https:\/\/fetrib.com\/web\/wp-content\/uploads\/2017\/06\/Podium-Long-300x160.jpg",300,160,true],"slider":["https:\/\/fetrib.com\/web\/wp-content\/uploads\/2017\/06\/Podium-Long-480x330.jpg",480,330,true]},"uagb_author_info":{"display_name":"admin","author_link":"https:\/\/fetrib.com\/web\/author\/admin\/"},"uagb_comment_info":0,"uagb_excerpt":"No se puede entrar m\u00e1s fuerte en el calendario balear. La novedosa prueba en la disciplina de Aquathlon, y en su modalidad de Larga distancia, se disput\u00f3 en el Port d&#8217;Alcudia y colg\u00f3 el letrero de \u00absold out\u00bb a tres d\u00edas de su cita.","_links":{"self":[{"href":"https:\/\/fetrib.com\/web\/wp-json\/wp\/v2\/posts\/1038","targetHints":{"allow":["GET"]}}],"collection":[{"href":"https:\/\/fetrib.com\/web\/wp-json\/wp\/v2\/posts"}],"about":[{"href":"https:\/\/fetrib.com\/web\/wp-json\/wp\/v2\/types\/post"}],"author":[{"embeddable":true,"href":"https:\/\/fetrib.com\/web\/wp-json\/wp\/v2\/users\/1"}],"replies":[{"embeddable":true,"href":"https:\/\/fetrib.com\/web\/wp-json\/wp\/v2\/comments?post=1038"}],"version-history":[{"count":0,"href":"https:\/\/fetrib.com\/web\/wp-json\/wp\/v2\/posts\/1038\/revisions"}],"wp:featuredmedia":[{"embeddable":true,"href":"https:\/\/fetrib.com\/web\/wp-json\/wp\/v2\/media\/753"}],"wp:attachment":[{"href":"https:\/\/fetrib.com\/web\/wp-json\/wp\/v2\/media?parent=1038"}],"wp:term":[{"taxonomy":"category","embeddable":true,"href":"https:\/\/fetrib.com\/web\/wp-json\/wp\/v2\/categories?post=1038"},{"taxonomy":"post_tag","embeddable":true,"href":"https:\/\/fetrib.com\/web\/wp-json\/wp\/v2\/tags?post=1038"}],"curies":[{"name":"wp","href":"https:\/\/api.w.org\/{rel}","templated":true}]}}