{"id":1043,"date":"2017-07-11T09:32:16","date_gmt":"2017-07-11T09:32:16","guid":{"rendered":"http:\/\/www.fetrib.com\/web2018\/news\/latest-news\/nuevo-acuerdo-fetrib-con-veloviajes-com\/"},"modified":"2018-02-07T15:28:37","modified_gmt":"2018-02-07T15:28:37","slug":"nuevo-acuerdo-fetrib-con-veloviajes-com","status":"publish","type":"post","link":"https:\/\/fetrib.com\/web\/2017\/07\/11\/nuevo-acuerdo-fetrib-con-veloviajes-com\/","title":{"rendered":"Nuevo acuerdo Fetrib con VeloViajes.com"},"content":{"rendered":"<p><img decoding=\"async\" class=\" size-full wp-image-763\" src=\"http:\/\/fetrib.com\/web\/wp-content\/uploads\/2017\/07\/LOGO-VELOVIAJES-SIN-FONDO.png\" alt=\"\" width=\"40%\" border=\"0\" \/><img decoding=\"async\" class=\" alignright size-full wp-image-764\" style=\"float: right;\" src=\"http:\/\/fetrib.com\/web\/wp-content\/uploads\/2017\/07\/logo-Air-Europa.png\" alt=\"\" width=\"40%\" border=\"0\" \/><\/p>\n<p style=\"margin-bottom: 0cm;\"><span style=\"color: #000000;\">La FETRIB y la agencia Veloviajes.com han firmado un acuerdo de colaboraci\u00f3n por el cual veloviajes.com se convierte en agencia de viajes oficial de la Federaci\u00f3 de Triatl\u00f3 de les Illes Balears.<\/span><\/p>\n<p><!--more--><\/p>\n<p style=\"margin-bottom: 0cm;\"><span style=\"color: #000000;\">Este acuerdo supone los siguientes beneficios a todos los federados:<\/span><\/p>\n<p style=\"margin-bottom: 0cm;\"><span style=\"color: #000000;\">Tarifa plana en vuelos de Air Europa nacionales (no interislas baleares) de <\/span><span style=\"color: #000000;\"><em><strong>70 \u20ac + tasas<\/strong><\/em><\/span><span style=\"color: #000000;\"> para todos los destinos con vuelo directo, y <\/span><span style=\"color: #000000;\"><em>85 \u20ac + tasas<\/em><\/span><span style=\"color: #000000;\"> para los destinos que requieran escala y <\/span><span style=\"color: #000000;\"><em>125 \u20ac + tasas<\/em><\/span><span style=\"color: #000000;\"> para vuelos con destino Islas Canarias. <\/span><\/p>\n<p style=\"margin-bottom: 0cm;\"><span style=\"color: #000000;\">Estas tarifas incluyen transporte de una bicicleta, equipaje facturado de hasta 23kg., equipaje de mano de hasta 10kg., posibilidad de un cambio gratuito, a partir del segundo penalizaci\u00f3n de 45 \u20ac + posible cambio de tarifa, cancelaci\u00f3n gratuita antes del inicio del viaje, emisi\u00f3n m\u00ednima 3 d\u00edas antes del vuelo, precios v\u00e1lidos para federados y para un acompa\u00f1ante (el billete del acompa\u00f1ante no incluye transporte de bicicleta). <\/span><\/p>\n<p style=\"margin-bottom: 0cm;\"><span style=\"color: #000000;\">Las reservas se pueden hacer a trav\u00e9s del 971 43 22 33<\/span><span style=\"color: #000000;\">, en el mail eventos@veloviajes.com <\/span><span style=\"color: #000000;\">o de manera presencial en la oficina de Veloviajes.com en Cam\u00ed de G\u00e8nova 2, 2\u00ba Of. 4 de Palma (L-V 09.30 \u2013 19.00).<\/span><\/p>\n<p style=\"margin-bottom: 0cm;\"><span style=\"color: #000000;\">Ser\u00e1 indispensable enviar\/aportar una copia de la licencia federativa FETRIB en vigor en el momento de realizar la correspondiente reserva<\/span><\/p>\n<p>\u00a0<img decoding=\"async\" class=\" size-full wp-image-765\" style=\"display: block; margin-left: auto; margin-right: auto;\" src=\"http:\/\/fetrib.com\/web\/wp-content\/uploads\/2017\/07\/IMG-20170711-WA0014.jpg\" alt=\"\" width=\"70%\" border=\"0\" srcset=\"https:\/\/fetrib.com\/web\/wp-content\/uploads\/2017\/07\/IMG-20170711-WA0014.jpg 1132w, https:\/\/fetrib.com\/web\/wp-content\/uploads\/2017\/07\/IMG-20170711-WA0014-212x300.jpg 212w, https:\/\/fetrib.com\/web\/wp-content\/uploads\/2017\/07\/IMG-20170711-WA0014-768x1086.jpg 768w, https:\/\/fetrib.com\/web\/wp-content\/uploads\/2017\/07\/IMG-20170711-WA0014-724x1024.jpg 724w\" sizes=\"(max-width: 1132px) 100vw, 1132px\" \/><\/p>\n","protected":false},"excerpt":{"rendered":"<p>La FETRIB y la agencia Veloviajes.com han firmado un acuerdo de colaboraci\u00f3n por el cual veloviajes.com se convierte en agencia de viajes oficial de la Federaci\u00f3 de Triatl\u00f3 de les Illes Balears.<\/p>\n","protected":false},"author":1,"featured_media":1065,"comment_status":"open","ping_status":"open","sticky":false,"template":"","format":"standard","meta":{"_uag_custom_page_level_css":"","footnotes":""},"categories":[37],"tags":[],"class_list":["post-1043","post","type-post","status-publish","format-standard","has-post-thumbnail","hentry","category-latest-news"],"uagb_featured_image_src":{"full":["https:\/\/fetrib.com\/web\/wp-content\/uploads\/2017\/07\/veloviajes.jpg",1132,1600,false],"thumbnail":["https:\/\/fetrib.com\/web\/wp-content\/uploads\/2017\/07\/veloviajes-150x150.jpg",150,150,true],"medium":["https:\/\/fetrib.com\/web\/wp-content\/uploads\/2017\/07\/veloviajes-212x300.jpg",212,300,true],"medium_large":["https:\/\/fetrib.com\/web\/wp-content\/uploads\/2017\/07\/veloviajes-768x1086.jpg",620,877,true],"large":["https:\/\/fetrib.com\/web\/wp-content\/uploads\/2017\/07\/veloviajes-724x1024.jpg",620,877,true],"1536x1536":["https:\/\/fetrib.com\/web\/wp-content\/uploads\/2017\/07\/veloviajes.jpg",1087,1536,false],"2048x2048":["https:\/\/fetrib.com\/web\/wp-content\/uploads\/2017\/07\/veloviajes.jpg",1132,1600,false],"tie-small":["https:\/\/fetrib.com\/web\/wp-content\/uploads\/2017\/07\/veloviajes-70x70.jpg",70,70,true],"tie-large":["https:\/\/fetrib.com\/web\/wp-content\/uploads\/2017\/07\/veloviajes-300x160.jpg",300,160,true],"slider":["https:\/\/fetrib.com\/web\/wp-content\/uploads\/2017\/07\/veloviajes-620x330.jpg",620,330,true]},"uagb_author_info":{"display_name":"admin","author_link":"https:\/\/fetrib.com\/web\/author\/admin\/"},"uagb_comment_info":0,"uagb_excerpt":"La FETRIB y la agencia Veloviajes.com han firmado un acuerdo de colaboraci\u00f3n por el cual veloviajes.com se convierte en agencia de viajes oficial de la Federaci\u00f3 de Triatl\u00f3 de les Illes Balears.","_links":{"self":[{"href":"https:\/\/fetrib.com\/web\/wp-json\/wp\/v2\/posts\/1043","targetHints":{"allow":["GET"]}}],"collection":[{"href":"https:\/\/fetrib.com\/web\/wp-json\/wp\/v2\/posts"}],"about":[{"href":"https:\/\/fetrib.com\/web\/wp-json\/wp\/v2\/types\/post"}],"author":[{"embeddable":true,"href":"https:\/\/fetrib.com\/web\/wp-json\/wp\/v2\/users\/1"}],"replies":[{"embeddable":true,"href":"https:\/\/fetrib.com\/web\/wp-json\/wp\/v2\/comments?post=1043"}],"version-history":[{"count":1,"href":"https:\/\/fetrib.com\/web\/wp-json\/wp\/v2\/posts\/1043\/revisions"}],"predecessor-version":[{"id":1066,"href":"https:\/\/fetrib.com\/web\/wp-json\/wp\/v2\/posts\/1043\/revisions\/1066"}],"wp:featuredmedia":[{"embeddable":true,"href":"https:\/\/fetrib.com\/web\/wp-json\/wp\/v2\/media\/1065"}],"wp:attachment":[{"href":"https:\/\/fetrib.com\/web\/wp-json\/wp\/v2\/media?parent=1043"}],"wp:term":[{"taxonomy":"category","embeddable":true,"href":"https:\/\/fetrib.com\/web\/wp-json\/wp\/v2\/categories?post=1043"},{"taxonomy":"post_tag","embeddable":true,"href":"https:\/\/fetrib.com\/web\/wp-json\/wp\/v2\/tags?post=1043"}],"curies":[{"name":"wp","href":"https:\/\/api.w.org\/{rel}","templated":true}]}}