{"id":1045,"date":"2017-10-26T19:18:00","date_gmt":"2017-10-26T19:18:00","guid":{"rendered":"http:\/\/www.fetrib.com\/web2018\/news\/latest-news\/convocatoria-d-una-placa-de-director-tecnic-per-el-cteib\/"},"modified":"2018-02-07T15:26:55","modified_gmt":"2018-02-07T15:26:55","slug":"convocatoria-d-una-placa-de-director-tecnic-per-el-cteib","status":"publish","type":"post","link":"https:\/\/fetrib.com\/web\/2017\/10\/26\/convocatoria-d-una-placa-de-director-tecnic-per-el-cteib\/","title":{"rendered":"Convocat\u00f2ria d&#8217;una pla\u00e7a de Director T\u00e8cnic  per el CTEIB"},"content":{"rendered":"<p lang=\"ca-ES\" style=\"margin-top: 0.1cm; margin-bottom: 0cm;\">La FETRIB convoca la provisi\u00f3 d&#8217;una pla\u00e7a de DIRECTOR T\u00c8CNIC DE TRIATL\u00d3 PER EL CENTRE DE TECNIFICACI\u00d3 ESPORTIVA DE LES ILLES BALEARS, <span style=\"font-size: small;\">mitjan\u00e7ant contractaci\u00f3 Mercantil i per serveis Externs, per una durada fins el 31 d&#8217;agost de 2018, renovable, i segons el que estableixi el Conveni-Programa amb la FUNDACI\u00d3 PER L\u2019ESPORT BALEAR de la Conselleria d\u2019Esport i Turisme del Govern Balear, vacant en la subcontractaci\u00f3 de serveis, pel procediment de selecci\u00f3 del contracte de serveis de la Federaci\u00f3 de Triatl\u00f3 dels Illes Balears.<\/span><\/p>\n<p lang=\"ca-ES\" style=\"margin-top: 0.1cm; margin-bottom: 0cm;\"><span style=\"font-size: small;\">Funcions de la Categoria: <\/span><\/p>\n<p lang=\"ca-ES\" style=\"margin-top: 0.1cm; margin-bottom: 0cm;\"><span style=\"font-size: small;\">Ser\u00e0 el responsable d&#8217;impartir els entrenaments als Triatletes del CTEIB<\/span><\/p>\n<ul>\n<li>\n<p lang=\"ca-ES\" style=\"margin-top: 0.1cm; margin-bottom: 0cm;\"><span style=\"font-size: small;\">Realitzar, planificar, desenvolupar, programar i dirigir les sessions atenent als objectius dels triatletes tals com campionats d\u2019 Espanya, auton\u00f2mics, etc.. <\/span><\/p>\n<\/li>\n<li>\n<p lang=\"ca-ES\" style=\"margin-top: 0.1cm; margin-bottom: 0cm;\"><span style=\"font-size: small;\">Prevenir i resoldre possibles problemes relacionats amb la pr\u00e0ctica de la disciplina. <\/span><\/p>\n<\/li>\n<li>\n<p lang=\"ca-ES\" style=\"margin-top: 0.1cm; margin-bottom: 0cm;\"><span style=\"font-size: small;\">Participar com a t\u00e8cnic en campionats nacionals, auton\u00f2mics, etc.. <\/span><\/p>\n<\/li>\n<li>\n<p lang=\"ca-ES\" style=\"margin-top: 0.1cm; margin-bottom: 0cm;\"><span style=\"font-size: small;\">Coordinaci\u00f3 amb la FETRIB la planificaci\u00f3 de competicions de la temporada de cada esportista. Registre de seguiment de les evolucions dels triatletes. <\/span><\/p>\n<p lang=\"ca-ES\" style=\"margin-top: 0.1cm; margin-bottom: 0cm;\">\n<\/li>\n<\/ul>\n<p>Basses de la convocat\u00f2ria <a href=\"http:\/\/fetrib.com\/web\/wp-content\/uploads\/2017\/10\/DT-EBE-2017-2018.pdf\">aqu\u00ed.<\/a><\/p>\n<p>Anex1 de la convocat\u00f2ria <a href=\"http:\/\/fetrib.com\/web\/wp-content\/uploads\/2017\/10\/ANEX-1-INSTANCIA.pdf\">aqu\u00ed<\/a><\/p>\n","protected":false},"excerpt":{"rendered":"<p>La FETRIB convoca la provisi\u00f3 d&#8217;una pla\u00e7a de DIRECTOR T\u00c8CNIC DE TRIATL\u00d3 PER EL CENTRE DE TECNIFICACI\u00d3 ESPORTIVA DE LES ILLES BALEARS, mitjan\u00e7ant contractaci\u00f3 Mercantil i per serveis Externs, per una durada fins el 31 d&#8217;agost de 2018, renovable, i segons el que estableixi el Conveni-Programa amb la FUNDACI\u00d3 PER L\u2019ESPORT BALEAR de la Conselleria &#8230;<\/p>\n","protected":false},"author":1,"featured_media":1063,"comment_status":"open","ping_status":"open","sticky":false,"template":"","format":"standard","meta":{"_uag_custom_page_level_css":"","footnotes":""},"categories":[37],"tags":[],"class_list":["post-1045","post","type-post","status-publish","format-standard","has-post-thumbnail","hentry","category-latest-news"],"uagb_featured_image_src":{"full":["https:\/\/fetrib.com\/web\/wp-content\/uploads\/2017\/10\/tecnico.jpg",336,365,false],"thumbnail":["https:\/\/fetrib.com\/web\/wp-content\/uploads\/2017\/10\/tecnico-150x150.jpg",150,150,true],"medium":["https:\/\/fetrib.com\/web\/wp-content\/uploads\/2017\/10\/tecnico-276x300.jpg",276,300,true],"medium_large":["https:\/\/fetrib.com\/web\/wp-content\/uploads\/2017\/10\/tecnico.jpg",336,365,false],"large":["https:\/\/fetrib.com\/web\/wp-content\/uploads\/2017\/10\/tecnico.jpg",336,365,false],"1536x1536":["https:\/\/fetrib.com\/web\/wp-content\/uploads\/2017\/10\/tecnico.jpg",336,365,false],"2048x2048":["https:\/\/fetrib.com\/web\/wp-content\/uploads\/2017\/10\/tecnico.jpg",336,365,false],"tie-small":["https:\/\/fetrib.com\/web\/wp-content\/uploads\/2017\/10\/tecnico-70x70.jpg",70,70,true],"tie-large":["https:\/\/fetrib.com\/web\/wp-content\/uploads\/2017\/10\/tecnico-300x160.jpg",300,160,true],"slider":["https:\/\/fetrib.com\/web\/wp-content\/uploads\/2017\/10\/tecnico-336x330.jpg",336,330,true]},"uagb_author_info":{"display_name":"admin","author_link":"https:\/\/fetrib.com\/web\/author\/admin\/"},"uagb_comment_info":0,"uagb_excerpt":"La FETRIB convoca la provisi\u00f3 d&#8217;una pla\u00e7a de DIRECTOR T\u00c8CNIC DE TRIATL\u00d3 PER EL CENTRE DE TECNIFICACI\u00d3 ESPORTIVA DE LES ILLES BALEARS, mitjan\u00e7ant contractaci\u00f3 Mercantil i per serveis Externs, per una durada fins el 31 d&#8217;agost de 2018, renovable, i segons el que estableixi el Conveni-Programa amb la FUNDACI\u00d3 PER L\u2019ESPORT BALEAR de la Conselleria&hellip;","_links":{"self":[{"href":"https:\/\/fetrib.com\/web\/wp-json\/wp\/v2\/posts\/1045","targetHints":{"allow":["GET"]}}],"collection":[{"href":"https:\/\/fetrib.com\/web\/wp-json\/wp\/v2\/posts"}],"about":[{"href":"https:\/\/fetrib.com\/web\/wp-json\/wp\/v2\/types\/post"}],"author":[{"embeddable":true,"href":"https:\/\/fetrib.com\/web\/wp-json\/wp\/v2\/users\/1"}],"replies":[{"embeddable":true,"href":"https:\/\/fetrib.com\/web\/wp-json\/wp\/v2\/comments?post=1045"}],"version-history":[{"count":1,"href":"https:\/\/fetrib.com\/web\/wp-json\/wp\/v2\/posts\/1045\/revisions"}],"predecessor-version":[{"id":1064,"href":"https:\/\/fetrib.com\/web\/wp-json\/wp\/v2\/posts\/1045\/revisions\/1064"}],"wp:featuredmedia":[{"embeddable":true,"href":"https:\/\/fetrib.com\/web\/wp-json\/wp\/v2\/media\/1063"}],"wp:attachment":[{"href":"https:\/\/fetrib.com\/web\/wp-json\/wp\/v2\/media?parent=1045"}],"wp:term":[{"taxonomy":"category","embeddable":true,"href":"https:\/\/fetrib.com\/web\/wp-json\/wp\/v2\/categories?post=1045"},{"taxonomy":"post_tag","embeddable":true,"href":"https:\/\/fetrib.com\/web\/wp-json\/wp\/v2\/tags?post=1045"}],"curies":[{"name":"wp","href":"https:\/\/api.w.org\/{rel}","templated":true}]}}