{"id":1046,"date":"2017-11-02T10:57:36","date_gmt":"2017-11-02T10:57:36","guid":{"rendered":"http:\/\/www.fetrib.com\/web2018\/news\/latest-news\/resolucio-convocatoria-de-la-placa-de-director-tecnic-de-triatlo-del-cteib\/"},"modified":"2018-02-07T16:08:58","modified_gmt":"2018-02-07T16:08:58","slug":"resolucio-convocatoria-de-la-placa-de-director-tecnic-de-triatlo-del-cteib","status":"publish","type":"post","link":"https:\/\/fetrib.com\/web\/2017\/11\/02\/resolucio-convocatoria-de-la-placa-de-director-tecnic-de-triatlo-del-cteib\/","title":{"rendered":"Resoluci\u00f3 convocat\u00f2ria pla\u00e7a Director T\u00e8cnic CTEIB"},"content":{"rendered":"<p style=\"text-align: center;\"><img loading=\"lazy\" decoding=\"async\" class=\" size-full wp-image-420\" src=\"http:\/\/fetrib.com\/web\/wp-content\/uploads\/2014\/02\/logo-fetrib-web.jpg\" alt=\"\" width=\"196\" height=\"168\" border=\"0\" \/><\/p>\n<p style=\"text-align: left;\">Una vegada rebuts els informes de de comissi\u00f3 avaluadora dessignada per a l\u2019elecci\u00f3 del nou director t\u00e8cnic de triatl\u00f3 del CTEIB es res\u00f2l a otorgar la pla\u00e7a <strong>D. Guillem Soler<\/strong>.<\/p>\n<p style=\"text-align: left;\">La comissi\u00f3 valora que la seva formaci\u00f3 acad\u00e8mica com a llicenciat en Ci\u00e8ncies de l\u2019Activitat F\u00edsica i l\u2019Esport, i com entrenador nivell 3 de triatl\u00f3 s\u00f3n les adients per aquesta pla\u00e7a de director t\u00e8cnic.<\/p>\n<p style=\"text-align: left;\">Tamb\u00e9 avalua positivament la seva experi\u00e8ncia com entrenador de triatl\u00f3 de joves i la seva pr\u00f2pia experi\u00e8ncia com alumne del CTEIB<\/p>\n<p style=\"text-align: left;\">La FETRIB agraeix a tots els candidats la seva participaci\u00f3 en aquesta convocat\u00f2ria i els anima a continar fent feina pel triatl\u00f3 de les Illes Balears.<\/p>\n","protected":false},"excerpt":{"rendered":"<p>Una vegada rebuts els informes de de comissi\u00f3 avaluadora dessignada per a l\u2019elecci\u00f3 del nou director t\u00e8cnic de triatl\u00f3 del CTEIB es res\u00f2l a otorgar la pla\u00e7a D. Guillem Soler. La comissi\u00f3 valora que la seva formaci\u00f3 acad\u00e8mica com a llicenciat en Ci\u00e8ncies de l\u2019Activitat F\u00edsica i l\u2019Esport, i com entrenador nivell 3 de triatl\u00f3 &#8230;<\/p>\n","protected":false},"author":1,"featured_media":1062,"comment_status":"open","ping_status":"open","sticky":false,"template":"","format":"standard","meta":{"_uag_custom_page_level_css":"","footnotes":""},"categories":[37],"tags":[],"class_list":["post-1046","post","type-post","status-publish","format-standard","has-post-thumbnail","hentry","category-latest-news"],"uagb_featured_image_src":{"full":["https:\/\/fetrib.com\/web\/wp-content\/uploads\/2017\/11\/soler.jpg",960,720,false],"thumbnail":["https:\/\/fetrib.com\/web\/wp-content\/uploads\/2017\/11\/soler-150x150.jpg",150,150,true],"medium":["https:\/\/fetrib.com\/web\/wp-content\/uploads\/2017\/11\/soler-300x225.jpg",300,225,true],"medium_large":["https:\/\/fetrib.com\/web\/wp-content\/uploads\/2017\/11\/soler-768x576.jpg",620,465,true],"large":["https:\/\/fetrib.com\/web\/wp-content\/uploads\/2017\/11\/soler.jpg",620,465,false],"1536x1536":["https:\/\/fetrib.com\/web\/wp-content\/uploads\/2017\/11\/soler.jpg",960,720,false],"2048x2048":["https:\/\/fetrib.com\/web\/wp-content\/uploads\/2017\/11\/soler.jpg",960,720,false],"tie-small":["https:\/\/fetrib.com\/web\/wp-content\/uploads\/2017\/11\/soler-70x70.jpg",70,70,true],"tie-large":["https:\/\/fetrib.com\/web\/wp-content\/uploads\/2017\/11\/soler-300x160.jpg",300,160,true],"slider":["https:\/\/fetrib.com\/web\/wp-content\/uploads\/2017\/11\/soler-620x330.jpg",620,330,true]},"uagb_author_info":{"display_name":"admin","author_link":"https:\/\/fetrib.com\/web\/author\/admin\/"},"uagb_comment_info":0,"uagb_excerpt":"Una vegada rebuts els informes de de comissi\u00f3 avaluadora dessignada per a l\u2019elecci\u00f3 del nou director t\u00e8cnic de triatl\u00f3 del CTEIB es res\u00f2l a otorgar la pla\u00e7a D. Guillem Soler. La comissi\u00f3 valora que la seva formaci\u00f3 acad\u00e8mica com a llicenciat en Ci\u00e8ncies de l\u2019Activitat F\u00edsica i l\u2019Esport, i com entrenador nivell 3 de triatl\u00f3&hellip;","_links":{"self":[{"href":"https:\/\/fetrib.com\/web\/wp-json\/wp\/v2\/posts\/1046","targetHints":{"allow":["GET"]}}],"collection":[{"href":"https:\/\/fetrib.com\/web\/wp-json\/wp\/v2\/posts"}],"about":[{"href":"https:\/\/fetrib.com\/web\/wp-json\/wp\/v2\/types\/post"}],"author":[{"embeddable":true,"href":"https:\/\/fetrib.com\/web\/wp-json\/wp\/v2\/users\/1"}],"replies":[{"embeddable":true,"href":"https:\/\/fetrib.com\/web\/wp-json\/wp\/v2\/comments?post=1046"}],"version-history":[{"count":3,"href":"https:\/\/fetrib.com\/web\/wp-json\/wp\/v2\/posts\/1046\/revisions"}],"predecessor-version":[{"id":1075,"href":"https:\/\/fetrib.com\/web\/wp-json\/wp\/v2\/posts\/1046\/revisions\/1075"}],"wp:featuredmedia":[{"embeddable":true,"href":"https:\/\/fetrib.com\/web\/wp-json\/wp\/v2\/media\/1062"}],"wp:attachment":[{"href":"https:\/\/fetrib.com\/web\/wp-json\/wp\/v2\/media?parent=1046"}],"wp:term":[{"taxonomy":"category","embeddable":true,"href":"https:\/\/fetrib.com\/web\/wp-json\/wp\/v2\/categories?post=1046"},{"taxonomy":"post_tag","embeddable":true,"href":"https:\/\/fetrib.com\/web\/wp-json\/wp\/v2\/tags?post=1046"}],"curies":[{"name":"wp","href":"https:\/\/api.w.org\/{rel}","templated":true}]}}