{"id":1047,"date":"2017-11-21T12:24:22","date_gmt":"2017-11-21T12:24:22","guid":{"rendered":"http:\/\/www.fetrib.com\/web2018\/news\/latest-news\/e-l-club-de-triatlon-duet-ciclismo-en-mallorca-celebra-su-comida-anual\/"},"modified":"2018-02-07T16:10:06","modified_gmt":"2018-02-07T16:10:06","slug":"e-l-club-de-triatlon-duet-ciclismo-en-mallorca-celebra-su-comida-anual","status":"publish","type":"post","link":"https:\/\/fetrib.com\/web\/2017\/11\/21\/e-l-club-de-triatlon-duet-ciclismo-en-mallorca-celebra-su-comida-anual\/","title":{"rendered":"Duet &#8211; Ciclismo en Mallorca celebra el seu dinar anual"},"content":{"rendered":"<p><img decoding=\"async\" class=\" size-full wp-image-773\" style=\"display: block; margin-left: auto; margin-right: auto;\" src=\"http:\/\/fetrib.com\/web\/wp-content\/uploads\/2017\/11\/IMG-20171120-WA0030.jpg\" alt=\"\" width=\"75%\/\" border=\"0\" \/><\/p>\n<p>El pasado s\u00e1bado el Club Triatl\u00f3n Duet-Ciclismo en Mallorca celebr\u00f3 su tradicional comida de club que cont\u00f3 con m\u00e1s de 130 deportistas del equipo.<\/p>\n<p>El objetivo de la jornada era celebrar los \u00e9xitos conseguidos durante la temporada y sentar las bases y los objetivos deportivos de la nueva temporada 2018.<\/p>\n<p>El club quiso premiar a los deportistas destacados com Miquel Riusech, Sofia Hamad, Dani Pons, Alberto Soler, Christian Briguglio, Manolo Martinez y Gisela por sus resultados en Campeonatos de Espa\u00f1a. As\u00ed como a deportistas que cumplen los valores del club, como solidaridad, sacrificio, constancia, fidelidad y compa\u00f1erismo.<\/p>\n","protected":false},"excerpt":{"rendered":"<p>El pasado s\u00e1bado el Club Triatl\u00f3n Duet-Ciclismo en Mallorca celebr\u00f3 su tradicional comida de club que cont\u00f3 con m\u00e1s de 130 deportistas del equipo. El objetivo de la jornada era celebrar los \u00e9xitos conseguidos durante la temporada y sentar las bases y los objetivos deportivos de la nueva temporada 2018. El club quiso premiar a &#8230;<\/p>\n","protected":false},"author":1,"featured_media":980,"comment_status":"open","ping_status":"open","sticky":false,"template":"","format":"standard","meta":{"_uag_custom_page_level_css":"","footnotes":""},"categories":[37],"tags":[],"class_list":["post-1047","post","type-post","status-publish","format-standard","has-post-thumbnail","hentry","category-latest-news"],"uagb_featured_image_src":{"full":["https:\/\/fetrib.com\/web\/wp-content\/uploads\/2017\/11\/IMG-20171120-WA0030.jpg",1024,678,false],"thumbnail":["https:\/\/fetrib.com\/web\/wp-content\/uploads\/2017\/11\/IMG-20171120-WA0030-150x150.jpg",150,150,true],"medium":["https:\/\/fetrib.com\/web\/wp-content\/uploads\/2017\/11\/IMG-20171120-WA0030-300x199.jpg",300,199,true],"medium_large":["https:\/\/fetrib.com\/web\/wp-content\/uploads\/2017\/11\/IMG-20171120-WA0030-768x509.jpg",620,411,true],"large":["https:\/\/fetrib.com\/web\/wp-content\/uploads\/2017\/11\/IMG-20171120-WA0030-1024x678.jpg",620,411,true],"1536x1536":["https:\/\/fetrib.com\/web\/wp-content\/uploads\/2017\/11\/IMG-20171120-WA0030.jpg",1024,678,false],"2048x2048":["https:\/\/fetrib.com\/web\/wp-content\/uploads\/2017\/11\/IMG-20171120-WA0030.jpg",1024,678,false],"tie-small":["https:\/\/fetrib.com\/web\/wp-content\/uploads\/2017\/11\/IMG-20171120-WA0030-70x70.jpg",70,70,true],"tie-large":["https:\/\/fetrib.com\/web\/wp-content\/uploads\/2017\/11\/IMG-20171120-WA0030-300x160.jpg",300,160,true],"slider":["https:\/\/fetrib.com\/web\/wp-content\/uploads\/2017\/11\/IMG-20171120-WA0030-620x330.jpg",620,330,true]},"uagb_author_info":{"display_name":"admin","author_link":"https:\/\/fetrib.com\/web\/author\/admin\/"},"uagb_comment_info":0,"uagb_excerpt":"El pasado s\u00e1bado el Club Triatl\u00f3n Duet-Ciclismo en Mallorca celebr\u00f3 su tradicional comida de club que cont\u00f3 con m\u00e1s de 130 deportistas del equipo. El objetivo de la jornada era celebrar los \u00e9xitos conseguidos durante la temporada y sentar las bases y los objetivos deportivos de la nueva temporada 2018. El club quiso premiar a&hellip;","_links":{"self":[{"href":"https:\/\/fetrib.com\/web\/wp-json\/wp\/v2\/posts\/1047","targetHints":{"allow":["GET"]}}],"collection":[{"href":"https:\/\/fetrib.com\/web\/wp-json\/wp\/v2\/posts"}],"about":[{"href":"https:\/\/fetrib.com\/web\/wp-json\/wp\/v2\/types\/post"}],"author":[{"embeddable":true,"href":"https:\/\/fetrib.com\/web\/wp-json\/wp\/v2\/users\/1"}],"replies":[{"embeddable":true,"href":"https:\/\/fetrib.com\/web\/wp-json\/wp\/v2\/comments?post=1047"}],"version-history":[{"count":1,"href":"https:\/\/fetrib.com\/web\/wp-json\/wp\/v2\/posts\/1047\/revisions"}],"predecessor-version":[{"id":1076,"href":"https:\/\/fetrib.com\/web\/wp-json\/wp\/v2\/posts\/1047\/revisions\/1076"}],"wp:featuredmedia":[{"embeddable":true,"href":"https:\/\/fetrib.com\/web\/wp-json\/wp\/v2\/media\/980"}],"wp:attachment":[{"href":"https:\/\/fetrib.com\/web\/wp-json\/wp\/v2\/media?parent=1047"}],"wp:term":[{"taxonomy":"category","embeddable":true,"href":"https:\/\/fetrib.com\/web\/wp-json\/wp\/v2\/categories?post=1047"},{"taxonomy":"post_tag","embeddable":true,"href":"https:\/\/fetrib.com\/web\/wp-json\/wp\/v2\/tags?post=1047"}],"curies":[{"name":"wp","href":"https:\/\/api.w.org\/{rel}","templated":true}]}}