{"id":1048,"date":"2017-11-24T16:00:00","date_gmt":"2017-11-24T16:00:00","guid":{"rendered":"http:\/\/www.fetrib.com\/web2018\/news\/latest-news\/grup-de-seguiment-cteib\/"},"modified":"2017-11-24T16:00:00","modified_gmt":"2017-11-24T16:00:00","slug":"grup-de-seguiment-cteib","status":"publish","type":"post","link":"https:\/\/fetrib.com\/web\/2017\/11\/24\/grup-de-seguiment-cteib\/","title":{"rendered":"Grup de seguiment CTEIB"},"content":{"rendered":"<p><img decoding=\"async\" class=\" size-full wp-image-697\" src=\"http:\/\/fetrib.com\/web\/wp-content\/uploads\/2016\/10\/escolarmuro.jpg\" border=\"0\" alt=\"\" width=\"75%\/\" style=\"display: block; margin-left: auto; margin-right: auto;\" srcset=\"https:\/\/fetrib.com\/web\/wp-content\/uploads\/2016\/10\/escolarmuro.jpg 1000w, https:\/\/fetrib.com\/web\/wp-content\/uploads\/2016\/10\/escolarmuro-300x169.jpg 300w, https:\/\/fetrib.com\/web\/wp-content\/uploads\/2016\/10\/escolarmuro-768x432.jpg 768w\" sizes=\"(max-width: 1000px) 100vw, 1000px\" \/><\/p>\n<p style=\"margin-bottom: 0cm; line-height: 0.48cm; background: #ffffff;\" lang=\"ca-ES\" align=\"left\"><span style=\"color: #333333;\"><span style=\"font-family: Times New Roman, serif;\"><span style=\"font-size: small;\">L&#8217;Escola Balear de l&#8217;Esport juntament amb la Federaci\u00f3 de Triatl\u00f3 de les Illes Balears, posa a disposici\u00f3 set places per el grup de seguiment.<\/span><\/span><\/span><\/p>\n<p style=\"margin-bottom: 0cm; line-height: 0.48cm; background: #ffffff;\" lang=\"ca-ES\" align=\"left\"><span style=\"color: #333333;\"><span style=\"font-family: Times New Roman, serif;\"><span style=\"font-size: small;\">Aquest grup de seguiment realitzar\u00e0 dues sessions a la setmana amb la resta de triatletes que formen part del centre de tecnificaci\u00f3 de triatl\u00f3, en horari encara per determinar. La idea es posar-ho en marxa a principis de desembre.<br \/><\/span><\/span><\/span><\/p>\n<p style=\"margin-bottom: 0cm; line-height: 0.48cm; background: #ffffff;\" lang=\"ca-ES\" align=\"left\"><span style=\"color: #333333;\"><span style=\"font-family: Times New Roman, serif;\"><span style=\"font-size: small;\">Tots els clubs de triatl\u00f3 de les Illes Balears, que considerin que tenen esportistes qualificats per participar d\u2019aquest grup d\u2019entrenament, tindr\u00e0n dret a demanar pla\u00e7a pels esportistes que considerin qualificats per entrar al centre de tecnificaci\u00f3 en un futur o que tinguin un rendiment adequat per formar part del centre (Grup de seguiment).<\/span><\/span><\/span><\/p>\n<p style=\"margin-bottom: 0cm; line-height: 0.48cm; background: #ffffff;\" lang=\"ca-ES\" align=\"left\"><span style=\"color: #333333;\"><span style=\"font-family: Times New Roman, serif;\"><span style=\"font-size: small;\">Un cop rebut les sol\u00b7licituds per part dels clubs, el director t\u00e8cnic ebe i el seu adjunt elegiran als esportistes que considerin m\u00e9s adients per formar part del grup. A l&#8217;hora de l\u2019elecci\u00f3 dels esportistes es tendr\u00e0 en compte l&#8217;edat ( es valorar\u00e0 positivament que sigui infantil de segon any o cadet de primer), el seu rendiment i una bona predisposici\u00f3 al treball en grup.<\/span><\/span><\/span><\/p>\n<p style=\"margin-bottom: 0cm; line-height: 0.48cm; background: #ffffff;\" lang=\"ca-ES\" align=\"left\"><span style=\"color: #333333;\"><span style=\"font-family: Times New Roman, serif;\"><span style=\"font-size: small;\">Podeu descarregar el full d&#8217;inscripci\u00f3 <a href=\"http:\/\/www.fetrib.com\/web2018\/wp-content\/uploads\/2017\/11\/Sol%C2%B7licitud-grup-seguiment.xls\">aqu\u00ed<\/a><\/span><\/span><\/span><\/p>\n<p style=\"margin-bottom: 0cm; line-height: 0.48cm; background: #ffffff;\" lang=\"ca-ES\" align=\"left\">\u00a0<\/p>\n","protected":false},"excerpt":{"rendered":"<p>L&#8217;Escola Balear de l&#8217;Esport juntament amb la Federaci\u00f3 de Triatl\u00f3 de les Illes Balears, posa a disposici\u00f3 set places per el grup de seguiment. Aquest grup de seguiment realitzar\u00e0 dues sessions a la setmana amb la resta de triatletes que formen part del centre de tecnificaci\u00f3 de triatl\u00f3, en horari encara per determinar. La idea &#8230;<\/p>\n","protected":false},"author":1,"featured_media":697,"comment_status":"open","ping_status":"open","sticky":false,"template":"","format":"standard","meta":{"_uag_custom_page_level_css":"","footnotes":""},"categories":[37],"tags":[],"class_list":["post-1048","post","type-post","status-publish","format-standard","has-post-thumbnail","hentry","category-latest-news"],"uagb_featured_image_src":{"full":["https:\/\/fetrib.com\/web\/wp-content\/uploads\/2016\/10\/escolarmuro.jpg",1000,562,false],"thumbnail":["https:\/\/fetrib.com\/web\/wp-content\/uploads\/2016\/10\/escolarmuro-150x150.jpg",150,150,true],"medium":["https:\/\/fetrib.com\/web\/wp-content\/uploads\/2016\/10\/escolarmuro-300x169.jpg",300,169,true],"medium_large":["https:\/\/fetrib.com\/web\/wp-content\/uploads\/2016\/10\/escolarmuro-768x432.jpg",620,349,true],"large":["https:\/\/fetrib.com\/web\/wp-content\/uploads\/2016\/10\/escolarmuro.jpg",620,348,false],"1536x1536":["https:\/\/fetrib.com\/web\/wp-content\/uploads\/2016\/10\/escolarmuro.jpg",1000,562,false],"2048x2048":["https:\/\/fetrib.com\/web\/wp-content\/uploads\/2016\/10\/escolarmuro.jpg",1000,562,false],"tie-small":["https:\/\/fetrib.com\/web\/wp-content\/uploads\/2016\/10\/escolarmuro-70x70.jpg",70,70,true],"tie-large":["https:\/\/fetrib.com\/web\/wp-content\/uploads\/2016\/10\/escolarmuro-300x160.jpg",300,160,true],"slider":["https:\/\/fetrib.com\/web\/wp-content\/uploads\/2016\/10\/escolarmuro-620x330.jpg",620,330,true]},"uagb_author_info":{"display_name":"admin","author_link":"https:\/\/fetrib.com\/web\/author\/admin\/"},"uagb_comment_info":0,"uagb_excerpt":"L&#8217;Escola Balear de l&#8217;Esport juntament amb la Federaci\u00f3 de Triatl\u00f3 de les Illes Balears, posa a disposici\u00f3 set places per el grup de seguiment. Aquest grup de seguiment realitzar\u00e0 dues sessions a la setmana amb la resta de triatletes que formen part del centre de tecnificaci\u00f3 de triatl\u00f3, en horari encara per determinar. La idea&hellip;","_links":{"self":[{"href":"https:\/\/fetrib.com\/web\/wp-json\/wp\/v2\/posts\/1048","targetHints":{"allow":["GET"]}}],"collection":[{"href":"https:\/\/fetrib.com\/web\/wp-json\/wp\/v2\/posts"}],"about":[{"href":"https:\/\/fetrib.com\/web\/wp-json\/wp\/v2\/types\/post"}],"author":[{"embeddable":true,"href":"https:\/\/fetrib.com\/web\/wp-json\/wp\/v2\/users\/1"}],"replies":[{"embeddable":true,"href":"https:\/\/fetrib.com\/web\/wp-json\/wp\/v2\/comments?post=1048"}],"version-history":[{"count":0,"href":"https:\/\/fetrib.com\/web\/wp-json\/wp\/v2\/posts\/1048\/revisions"}],"wp:featuredmedia":[{"embeddable":true,"href":"https:\/\/fetrib.com\/web\/wp-json\/wp\/v2\/media\/697"}],"wp:attachment":[{"href":"https:\/\/fetrib.com\/web\/wp-json\/wp\/v2\/media?parent=1048"}],"wp:term":[{"taxonomy":"category","embeddable":true,"href":"https:\/\/fetrib.com\/web\/wp-json\/wp\/v2\/categories?post=1048"},{"taxonomy":"post_tag","embeddable":true,"href":"https:\/\/fetrib.com\/web\/wp-json\/wp\/v2\/tags?post=1048"}],"curies":[{"name":"wp","href":"https:\/\/api.w.org\/{rel}","templated":true}]}}