{"id":1049,"date":"2017-12-18T09:06:37","date_gmt":"2017-12-18T09:06:37","guid":{"rendered":"http:\/\/www.fetrib.com\/web2018\/news\/latest-news\/gala-fetrib-2017\/"},"modified":"2018-02-07T15:21:13","modified_gmt":"2018-02-07T15:21:13","slug":"gala-fetrib-2017","status":"publish","type":"post","link":"https:\/\/fetrib.com\/web\/2017\/12\/18\/gala-fetrib-2017\/","title":{"rendered":"Gala FETRIB 2017"},"content":{"rendered":"<p><img decoding=\"async\" class=\" size-full wp-image-777\" style=\"display: block; margin-left: auto; margin-right: auto;\" src=\"http:\/\/fetrib.com\/web\/wp-content\/uploads\/2017\/12\/FOTO-GALA.jpg\" alt=\"\" width=\"75%\/\" border=\"0\" \/><\/p>\n<p>El pasado s\u00e1bado 16 de Diciembre en el Palma Arena de Palma acogi\u00f3 la Gala FETRIB 2017\u00a0 donde se congregaron cerca de un centenar de participantes\u00a0 entre p\u00fablico, galardonados y premiados con el premio del ranking Fetrib Campi\u00f3 de Campiona.<\/p>\n<p>Abilio Garc\u00eda , Presidente Fetrib, hizo entrega de todos los premios y galardones destacando en su discurso la buena salud del triatl\u00f3n balear as\u00ed como el privilegio de tener entre nosotros al doble campe\u00f3n del mundo Mario Mola y a la subcampeona del mundo de duatl\u00f3n Mavi Garc\u00eda como m\u00e1ximos representantes de nuestro triatl\u00f3n siendo ambos, la punta de la iceberg del trabajo de clubs, t\u00e9cnicos y deportistas as\u00ed como la mejor referencia donde mirarse el triatl\u00f3n base.<\/p>\n","protected":false},"excerpt":{"rendered":"<p>El pasado s\u00e1bado 16 de Diciembre en el Palma Arena de Palma acogi\u00f3 la Gala FETRIB 2017\u00a0 donde se congregaron cerca de un centenar de participantes\u00a0 entre p\u00fablico, galardonados y premiados con el premio del ranking Fetrib Campi\u00f3 de Campiona. Abilio Garc\u00eda , Presidente Fetrib, hizo entrega de todos los premios y galardones destacando en &#8230;<\/p>\n","protected":false},"author":1,"featured_media":981,"comment_status":"open","ping_status":"open","sticky":false,"template":"","format":"standard","meta":{"_uag_custom_page_level_css":"","footnotes":""},"categories":[37],"tags":[],"class_list":["post-1049","post","type-post","status-publish","format-standard","has-post-thumbnail","hentry","category-latest-news"],"uagb_featured_image_src":{"full":["https:\/\/fetrib.com\/web\/wp-content\/uploads\/2017\/12\/FOTO-GALA.jpg",936,654,false],"thumbnail":["https:\/\/fetrib.com\/web\/wp-content\/uploads\/2017\/12\/FOTO-GALA-150x150.jpg",150,150,true],"medium":["https:\/\/fetrib.com\/web\/wp-content\/uploads\/2017\/12\/FOTO-GALA-300x210.jpg",300,210,true],"medium_large":["https:\/\/fetrib.com\/web\/wp-content\/uploads\/2017\/12\/FOTO-GALA-768x537.jpg",620,434,true],"large":["https:\/\/fetrib.com\/web\/wp-content\/uploads\/2017\/12\/FOTO-GALA.jpg",620,433,false],"1536x1536":["https:\/\/fetrib.com\/web\/wp-content\/uploads\/2017\/12\/FOTO-GALA.jpg",936,654,false],"2048x2048":["https:\/\/fetrib.com\/web\/wp-content\/uploads\/2017\/12\/FOTO-GALA.jpg",936,654,false],"tie-small":["https:\/\/fetrib.com\/web\/wp-content\/uploads\/2017\/12\/FOTO-GALA-70x70.jpg",70,70,true],"tie-large":["https:\/\/fetrib.com\/web\/wp-content\/uploads\/2017\/12\/FOTO-GALA-300x160.jpg",300,160,true],"slider":["https:\/\/fetrib.com\/web\/wp-content\/uploads\/2017\/12\/FOTO-GALA-620x330.jpg",620,330,true]},"uagb_author_info":{"display_name":"admin","author_link":"https:\/\/fetrib.com\/web\/author\/admin\/"},"uagb_comment_info":0,"uagb_excerpt":"El pasado s\u00e1bado 16 de Diciembre en el Palma Arena de Palma acogi\u00f3 la Gala FETRIB 2017\u00a0 donde se congregaron cerca de un centenar de participantes\u00a0 entre p\u00fablico, galardonados y premiados con el premio del ranking Fetrib Campi\u00f3 de Campiona. Abilio Garc\u00eda , Presidente Fetrib, hizo entrega de todos los premios y galardones destacando en&hellip;","_links":{"self":[{"href":"https:\/\/fetrib.com\/web\/wp-json\/wp\/v2\/posts\/1049","targetHints":{"allow":["GET"]}}],"collection":[{"href":"https:\/\/fetrib.com\/web\/wp-json\/wp\/v2\/posts"}],"about":[{"href":"https:\/\/fetrib.com\/web\/wp-json\/wp\/v2\/types\/post"}],"author":[{"embeddable":true,"href":"https:\/\/fetrib.com\/web\/wp-json\/wp\/v2\/users\/1"}],"replies":[{"embeddable":true,"href":"https:\/\/fetrib.com\/web\/wp-json\/wp\/v2\/comments?post=1049"}],"version-history":[{"count":1,"href":"https:\/\/fetrib.com\/web\/wp-json\/wp\/v2\/posts\/1049\/revisions"}],"predecessor-version":[{"id":1059,"href":"https:\/\/fetrib.com\/web\/wp-json\/wp\/v2\/posts\/1049\/revisions\/1059"}],"wp:featuredmedia":[{"embeddable":true,"href":"https:\/\/fetrib.com\/web\/wp-json\/wp\/v2\/media\/981"}],"wp:attachment":[{"href":"https:\/\/fetrib.com\/web\/wp-json\/wp\/v2\/media?parent=1049"}],"wp:term":[{"taxonomy":"category","embeddable":true,"href":"https:\/\/fetrib.com\/web\/wp-json\/wp\/v2\/categories?post=1049"},{"taxonomy":"post_tag","embeddable":true,"href":"https:\/\/fetrib.com\/web\/wp-json\/wp\/v2\/tags?post=1049"}],"curies":[{"name":"wp","href":"https:\/\/api.w.org\/{rel}","templated":true}]}}