{"id":1120,"date":"2018-02-11T19:36:55","date_gmt":"2018-02-11T19:36:55","guid":{"rendered":"http:\/\/fetrib.com\/web\/?p=1120"},"modified":"2018-02-11T19:36:55","modified_gmt":"2018-02-11T19:36:55","slug":"campionats-de-balears-2018","status":"publish","type":"post","link":"https:\/\/fetrib.com\/web\/2018\/02\/11\/campionats-de-balears-2018\/","title":{"rendered":"Campionats de Balears 2018"},"content":{"rendered":"<p>Aquests s\u00f3n els Campionats de Balears que se celebraran aquesta temporada.<\/p>\n<p>&#8211; Ct Balears Triatl\u00f3 Sprint &#8211; Triatl\u00f3 Camp de Mar\u00a0 (Mallorca) Totes les categories<\/p>\n<p>&#8211; Ct Balears Duatl\u00f3 Sprint &#8211; Duatl\u00f3 Ciutat de Palma (Mallorca) Totes les categories<\/p>\n<p>&#8211; Ct Balears Aquatl\u00f3 &#8211; Aquatl\u00f3 Ciutat d\u00b4Eivissa (Eivissa) Absolut i clubs.<\/p>\n<p>&#8211; Ct Balears Duatl\u00f3 Llarg\u00a0 &#8211; Powerman\u00a0 (Mallorca) Absolut i clubs<\/p>\n<p>&#8211; Ct Balears Triatlo MD &#8211; Artiem Half Menorca (Menorca) Absolut i clubs<\/p>\n<p>&#8211; Ct Balears Duatl\u00f3 Cross &#8211; Montuiri (Mallorca) Absolut i clubs<\/p>\n<p>&#8211; Ct Balears Triatl\u00f3 Cross &#8211; Cala Agulla (Mallorca) Absolut i clubs<\/p>\n<p>Els t\u00edtols de Campionats de Balears es disputaran en aquestes proves, baix la condici\u00f3 de que siguin confirmades.<\/p>\n<p>La Fetrib podr\u00e0 substituir el seu empla\u00e7ament en cas de cancelaci\u00f3 o incumpliment de la normativa actual.<\/p>\n","protected":false},"excerpt":{"rendered":"<p>Aquests s\u00f3n els Campionats de Balears que se celebraran aquesta temporada. &#8211; Ct Balears Triatl\u00f3 Sprint &#8211; Triatl\u00f3 Camp de Mar\u00a0 (Mallorca) Totes les categories &#8211; Ct Balears Duatl\u00f3 Sprint &#8211; Duatl\u00f3 Ciutat de Palma (Mallorca) Totes les categories &#8211; Ct Balears Aquatl\u00f3 &#8211; Aquatl\u00f3 Ciutat d\u00b4Eivissa (Eivissa) Absolut i clubs. &#8211; Ct Balears Duatl\u00f3 &#8230;<\/p>\n","protected":false},"author":1,"featured_media":1121,"comment_status":"open","ping_status":"open","sticky":false,"template":"","format":"standard","meta":{"_uag_custom_page_level_css":"","footnotes":""},"categories":[28],"tags":[],"class_list":["post-1120","post","type-post","status-publish","format-standard","has-post-thumbnail","hentry","category-competiciones"],"uagb_featured_image_src":{"full":["https:\/\/fetrib.com\/web\/wp-content\/uploads\/2018\/02\/jueces.jpg",918,537,false],"thumbnail":["https:\/\/fetrib.com\/web\/wp-content\/uploads\/2018\/02\/jueces-150x150.jpg",150,150,true],"medium":["https:\/\/fetrib.com\/web\/wp-content\/uploads\/2018\/02\/jueces-300x175.jpg",300,175,true],"medium_large":["https:\/\/fetrib.com\/web\/wp-content\/uploads\/2018\/02\/jueces-768x449.jpg",620,362,true],"large":["https:\/\/fetrib.com\/web\/wp-content\/uploads\/2018\/02\/jueces.jpg",620,363,false],"1536x1536":["https:\/\/fetrib.com\/web\/wp-content\/uploads\/2018\/02\/jueces.jpg",918,537,false],"2048x2048":["https:\/\/fetrib.com\/web\/wp-content\/uploads\/2018\/02\/jueces.jpg",918,537,false],"tie-small":["https:\/\/fetrib.com\/web\/wp-content\/uploads\/2018\/02\/jueces-70x70.jpg",70,70,true],"tie-large":["https:\/\/fetrib.com\/web\/wp-content\/uploads\/2018\/02\/jueces-300x160.jpg",300,160,true],"slider":["https:\/\/fetrib.com\/web\/wp-content\/uploads\/2018\/02\/jueces-620x330.jpg",620,330,true]},"uagb_author_info":{"display_name":"admin","author_link":"https:\/\/fetrib.com\/web\/author\/admin\/"},"uagb_comment_info":0,"uagb_excerpt":"Aquests s\u00f3n els Campionats de Balears que se celebraran aquesta temporada. &#8211; Ct Balears Triatl\u00f3 Sprint &#8211; Triatl\u00f3 Camp de Mar\u00a0 (Mallorca) Totes les categories &#8211; Ct Balears Duatl\u00f3 Sprint &#8211; Duatl\u00f3 Ciutat de Palma (Mallorca) Totes les categories &#8211; Ct Balears Aquatl\u00f3 &#8211; Aquatl\u00f3 Ciutat d\u00b4Eivissa (Eivissa) Absolut i clubs. &#8211; Ct Balears Duatl\u00f3&hellip;","_links":{"self":[{"href":"https:\/\/fetrib.com\/web\/wp-json\/wp\/v2\/posts\/1120","targetHints":{"allow":["GET"]}}],"collection":[{"href":"https:\/\/fetrib.com\/web\/wp-json\/wp\/v2\/posts"}],"about":[{"href":"https:\/\/fetrib.com\/web\/wp-json\/wp\/v2\/types\/post"}],"author":[{"embeddable":true,"href":"https:\/\/fetrib.com\/web\/wp-json\/wp\/v2\/users\/1"}],"replies":[{"embeddable":true,"href":"https:\/\/fetrib.com\/web\/wp-json\/wp\/v2\/comments?post=1120"}],"version-history":[{"count":1,"href":"https:\/\/fetrib.com\/web\/wp-json\/wp\/v2\/posts\/1120\/revisions"}],"predecessor-version":[{"id":1122,"href":"https:\/\/fetrib.com\/web\/wp-json\/wp\/v2\/posts\/1120\/revisions\/1122"}],"wp:featuredmedia":[{"embeddable":true,"href":"https:\/\/fetrib.com\/web\/wp-json\/wp\/v2\/media\/1121"}],"wp:attachment":[{"href":"https:\/\/fetrib.com\/web\/wp-json\/wp\/v2\/media?parent=1120"}],"wp:term":[{"taxonomy":"category","embeddable":true,"href":"https:\/\/fetrib.com\/web\/wp-json\/wp\/v2\/categories?post=1120"},{"taxonomy":"post_tag","embeddable":true,"href":"https:\/\/fetrib.com\/web\/wp-json\/wp\/v2\/tags?post=1120"}],"curies":[{"name":"wp","href":"https:\/\/api.w.org\/{rel}","templated":true}]}}