{"id":116,"date":"2011-12-30T20:53:20","date_gmt":"2011-12-30T20:53:20","guid":{"rendered":"http:\/\/www.fetrib.com\/web2018\/comite-tecnico\/toma-de-tiempos\/"},"modified":"2011-12-30T20:53:20","modified_gmt":"2011-12-30T20:53:20","slug":"toma-de-tiempos","status":"publish","type":"post","link":"https:\/\/fetrib.com\/web\/2011\/12\/30\/toma-de-tiempos\/","title":{"rendered":"TOMA DE TIEMPOS"},"content":{"rendered":"<p>TOMA DE TIEMPOS EL PR\u00d3XIMO D\u00cdA 28 DE ENERO EN PRINCIPES DE ESPA\u00d1A:<\/p>\n<p><span style=\"line-height: 115%; font-family: &quot;Calibri&quot;,&quot;sans-serif&quot;; font-size: 11pt; mso-fareast-font-family: Calibri; mso-bidi-font-family: 'Times New Roman'; mso-fareast-language: EN-US; mso-ascii-theme-font: minor-latin; mso-hansi-theme-font: minor-latin; mso-bidi-theme-font: minor-bidi; mso-ansi-language: CA; mso-fareast-theme-font: minor-latin; mso-bidi-language: AR-SA;\" lang=\"CA\"><span style=\"color: #000000;\">Poden participar els esportistes federats i no federats, Cadets (nascuts anys 1997-1996) i juniors (1995-1994-1993).<\/p>\n<p>Les proves es realitzaran amb el seg\u00fcent ordre:<br \/>&#8211; Nataci\u00f3: 1a prova, 100m lliures (descans m\u00ednim de 15&#8242;) \/ 2a prova, 1000m lliures (descans m\u00ednim d&#8217;1 hora)<br \/>&#8211; Cursa a peu: 3a prova, 1000m descans (m\u00ednim de 15&#8242;) \/ 4a prova, 400m <\/span><\/span><\/p>\n<p><span style=\"line-height: 115%; font-family: &quot;Calibri&quot;,&quot;sans-serif&quot;; font-size: 11pt; mso-fareast-font-family: Calibri; mso-bidi-font-family: 'Times New Roman'; mso-fareast-language: EN-US; mso-ascii-theme-font: minor-latin; mso-hansi-theme-font: minor-latin; mso-bidi-theme-font: minor-bidi; mso-ansi-language: CA; mso-fareast-theme-font: minor-latin; mso-bidi-language: AR-SA;\" lang=\"CA\"><span style=\"color: #000000;\">Para + informaci\u00f3n enviar correo a <a href=\"mailto:dtecnica@fetrib.com\">dtecnica@fetrib.com<\/a><\/span><\/span><\/p>\n","protected":false},"excerpt":{"rendered":"<p>TOMA DE TIEMPOS EL PR\u00d3XIMO D\u00cdA 28 DE ENERO EN PRINCIPES DE ESPA\u00d1A: Poden participar els esportistes federats i no federats, Cadets (nascuts anys 1997-1996) i juniors (1995-1994-1993). Les proves es realitzaran amb el seg\u00fcent ordre:&#8211; Nataci\u00f3: 1a prova, 100m lliures (descans m\u00ednim de 15&#8242;) \/ 2a prova, 1000m lliures (descans m\u00ednim d&#8217;1 hora)&#8211; Cursa &#8230;<\/p>\n","protected":false},"author":1,"featured_media":0,"comment_status":"open","ping_status":"open","sticky":false,"template":"","format":"standard","meta":{"_uag_custom_page_level_css":"","footnotes":""},"categories":[27],"tags":[],"class_list":["post-116","post","type-post","status-publish","format-standard","hentry","category-comite-tecnico"],"uagb_featured_image_src":{"full":false,"thumbnail":false,"medium":false,"medium_large":false,"large":false,"1536x1536":false,"2048x2048":false,"tie-small":false,"tie-large":false,"slider":false},"uagb_author_info":{"display_name":"admin","author_link":"https:\/\/fetrib.com\/web\/author\/admin\/"},"uagb_comment_info":0,"uagb_excerpt":"TOMA DE TIEMPOS EL PR\u00d3XIMO D\u00cdA 28 DE ENERO EN PRINCIPES DE ESPA\u00d1A: Poden participar els esportistes federats i no federats, Cadets (nascuts anys 1997-1996) i juniors (1995-1994-1993). Les proves es realitzaran amb el seg\u00fcent ordre:&#8211; Nataci\u00f3: 1a prova, 100m lliures (descans m\u00ednim de 15&#8242;) \/ 2a prova, 1000m lliures (descans m\u00ednim d&#8217;1 hora)&#8211; Cursa&hellip;","_links":{"self":[{"href":"https:\/\/fetrib.com\/web\/wp-json\/wp\/v2\/posts\/116","targetHints":{"allow":["GET"]}}],"collection":[{"href":"https:\/\/fetrib.com\/web\/wp-json\/wp\/v2\/posts"}],"about":[{"href":"https:\/\/fetrib.com\/web\/wp-json\/wp\/v2\/types\/post"}],"author":[{"embeddable":true,"href":"https:\/\/fetrib.com\/web\/wp-json\/wp\/v2\/users\/1"}],"replies":[{"embeddable":true,"href":"https:\/\/fetrib.com\/web\/wp-json\/wp\/v2\/comments?post=116"}],"version-history":[{"count":0,"href":"https:\/\/fetrib.com\/web\/wp-json\/wp\/v2\/posts\/116\/revisions"}],"wp:attachment":[{"href":"https:\/\/fetrib.com\/web\/wp-json\/wp\/v2\/media?parent=116"}],"wp:term":[{"taxonomy":"category","embeddable":true,"href":"https:\/\/fetrib.com\/web\/wp-json\/wp\/v2\/categories?post=116"},{"taxonomy":"post_tag","embeddable":true,"href":"https:\/\/fetrib.com\/web\/wp-json\/wp\/v2\/tags?post=116"}],"curies":[{"name":"wp","href":"https:\/\/api.w.org\/{rel}","templated":true}]}}