{"id":121,"date":"2011-12-30T21:26:30","date_gmt":"2011-12-30T21:26:30","guid":{"rendered":"http:\/\/www.fetrib.com\/web2018\/resultados\/pruebas-proximas\/"},"modified":"2011-12-30T21:26:30","modified_gmt":"2011-12-30T21:26:30","slug":"pruebas-proximas","status":"publish","type":"post","link":"https:\/\/fetrib.com\/web\/2011\/12\/30\/pruebas-proximas\/","title":{"rendered":"DUATLON CROSS ES CUBELLS"},"content":{"rendered":"<p style=\"text-align: center;\"><img loading=\"lazy\" decoding=\"async\" src=\"images\/stories\/cartell_duatlo_2012_c.jpg\" border=\"0\" width=\"185\" height=\"231\" \/><\/p>\n<p>\u00a0<\/p>\n<p>DUATLON CROSS ESCUBELLS, IBIZA. 14 ENERO. CRONICA:<\/p>\n<p class=\"MsoNormal\" style=\"line-height: normal; margin: 0cm 0cm 10pt; background: white; mso-margin-top-alt: auto; mso-margin-bottom-alt: auto; mso-outline-level: 1;\"><strong><span style=\"color: black; mso-fareast-font-family: 'Times New Roman'; mso-bidi-font-family: Calibri; mso-fareast-language: ES; mso-bidi-theme-font: minor-latin; mso-ansi-language: ES; mso-font-kerning: 18.0pt;\"><span style=\"font-size: small;\"><span style=\"font-family: Calibri;\">Torres resiste el empuje de Tugores, un inc\u00f3modo invitado en es Cubells<\/span><\/span><\/span><\/strong><\/p>\n<p class=\"MsoNormal\" style=\"line-height: normal; margin: 0cm 0cm 10pt; background: white; mso-margin-top-alt: auto; mso-margin-bottom-alt: auto; mso-outline-level: 2;\"><strong><span style=\"color: black; mso-fareast-font-family: 'Times New Roman'; mso-bidi-font-family: Calibri; mso-fareast-language: ES; mso-bidi-theme-font: minor-latin; mso-ansi-language: ES;\"><span style=\"font-size: small;\"><span style=\"font-family: Calibri;\">El triatleta logra la victoria en la primera prueba de la Copa de Es Vedr\u00e0, calendario que gan\u00f3 en 2011<\/span><\/span><\/span><\/strong><\/p>\n<p class=\"MsoNormal\" style=\"line-height: normal; margin: 0cm 0cm 10pt; background: white; mso-margin-top-alt: auto; mso-margin-bottom-alt: auto; mso-outline-level: 2;\"><strong><span style=\"color: black; mso-fareast-font-family: 'Times New Roman'; mso-bidi-font-family: Calibri; mso-fareast-language: ES; mso-bidi-theme-font: minor-latin; mso-ansi-language: ES;\">\u00a0<\/span><\/strong><span style=\"color: black; font-size: 10pt; mso-fareast-font-family: 'Times New Roman'; mso-bidi-font-family: Calibri; mso-fareast-language: ES; mso-bidi-theme-font: minor-latin; mso-ansi-language: ES;\"><span style=\"font-family: Calibri;\">Un competidor aprieta los dientes en la parte ciclista. PABLO SIERRA <\/span><\/span><strong><span style=\"color: black; font-size: 10pt; mso-fareast-font-family: 'Times New Roman'; mso-bidi-font-family: Calibri; mso-fareast-language: ES; mso-bidi-theme-font: minor-latin; mso-ansi-language: ES;\"><span style=\"font-family: Calibri;\">P. S. | ES CUBELLS<\/span><\/span><\/strong><span style=\"color: black; font-size: 10pt; mso-fareast-font-family: 'Times New Roman'; mso-bidi-font-family: Calibri; mso-fareast-language: ES; mso-bidi-theme-font: minor-latin; mso-ansi-language: ES;\"><span style=\"font-family: Calibri;\"> Un habitual y un inc\u00f3modo invitado lucharon por la victoria el s\u00e1bado en el duatl\u00f3n de es Cubells, primera de las cuatro pruebas programadas para la edici\u00f3n de 2012 de la Copa del Grup Esportiu Es Vedr\u00e0. Josep Torres (Triatl\u00f3 Santa Eul\u00e0ria), vigente campe\u00f3n del calendario josep\u00ed, tuvo que emplearse a fondo para aguantar el empuje de Toni Tugores (CA Piti\u00fas), un \u00b4ne\u00f3fito\u00b4 en el mundo del duatl\u00f3n que mostr\u00f3 su gen competitivo. <\/p>\n<p>El circuito que dise\u00f1aron los organizadores para recuperar una carrera que reaparece tras varios a\u00f1os de ausencia fue muy duro. \u00abEsos escalones te matan\u00bb, confesaba al acabar Juan Carlos Campillo (Molpesa Univest), s\u00e9ptimo en la meta. La parte a pie, que se adentraba en el camino hacia Cala Llentrisca, ten\u00eda escondido un tramo de escalera en el recorrido de vuelta a la peque\u00f1a localidad de Sant Josep.<\/p>\n<p>Subirlo fue un sufrimiento para los 104 participantes \u201340 m\u00e1s de lo que esperaban los organizadores\u2013 y el escenario de la batalla entre Tugores, que est\u00e1 maximizando deportivamente sus vacaciones en la isla, y el principal favorito. <\/p>\n<p>Despu\u00e9s de cederle al atleta el primer puesto en el primer segmento de carrera (tres kil\u00f3metros), Torres remont\u00f3 en los nueve kil\u00f3metros de bicicleta, el punto d\u00e9bil de su adversario. En ese sector pogres\u00f3 el ciclista Vicent Mas (C.C. Es Xebel\u00b7l\u00ed), tercero con un tiempo de 41\u00b436\u00b4\u00b4. Cuando entr\u00f3 en meta, Torres ya hab\u00eda finiquitado a su rival, pero por un estrecho margen (40\u00b441\u00b4\u00b4 frente a 40\u00b457\u00b4\u00b4).<\/span><\/span><\/p>\n<p class=\"MsoNormal\" style=\"text-align: center; line-height: normal; margin: 0cm 0cm 10pt; background: white; mso-margin-top-alt: auto; mso-margin-bottom-alt: auto; mso-outline-level: 2;\"><span style=\"color: black; font-size: 10pt; mso-fareast-font-family: 'Times New Roman'; mso-bidi-font-family: Calibri; mso-fareast-language: ES; mso-bidi-theme-font: minor-latin; mso-ansi-language: ES;\"><span style=\"font-family: Calibri;\"><a href=\"http:\/\/www.elitechip.net\/index.php?zwshow=SYS-ZW-74IU8E09&amp;dldid=930088&amp;cmscmd=dlddoc&amp;cmsplugin=zwelitechipplugin&amp;cmsinstance=\">RESULTADOS AQUI<\/a><\/span><\/span><\/p>\n<p style=\"text-align: center;\"><a href=\"https:\/\/www.facebook.com\/pages\/Grup-Esportiu-Es-Vedr%C3%A0-Sant-Josep-Eivissa\/445180415091#!\/media\/set\/?set=a.2849567045512.2145340.1449555239&amp;type=3\">FOTOS AQUI<\/a><\/p>\n","protected":false},"excerpt":{"rendered":"<p>\u00a0 DUATLON CROSS ESCUBELLS, IBIZA. 14 ENERO. CRONICA: Torres resiste el empuje de Tugores, un inc\u00f3modo invitado en es Cubells El triatleta logra la victoria en la primera prueba de la Copa de Es Vedr\u00e0, calendario que gan\u00f3 en 2011 \u00a0Un competidor aprieta los dientes en la parte ciclista. PABLO SIERRA P. S. | ES &#8230;<\/p>\n","protected":false},"author":1,"featured_media":0,"comment_status":"open","ping_status":"open","sticky":false,"template":"","format":"standard","meta":{"_uag_custom_page_level_css":"","footnotes":""},"categories":[40],"tags":[],"class_list":["post-121","post","type-post","status-publish","format-standard","hentry","category-resultados"],"uagb_featured_image_src":{"full":false,"thumbnail":false,"medium":false,"medium_large":false,"large":false,"1536x1536":false,"2048x2048":false,"tie-small":false,"tie-large":false,"slider":false},"uagb_author_info":{"display_name":"admin","author_link":"https:\/\/fetrib.com\/web\/author\/admin\/"},"uagb_comment_info":0,"uagb_excerpt":"\u00a0 DUATLON CROSS ESCUBELLS, IBIZA. 14 ENERO. CRONICA: Torres resiste el empuje de Tugores, un inc\u00f3modo invitado en es Cubells El triatleta logra la victoria en la primera prueba de la Copa de Es Vedr\u00e0, calendario que gan\u00f3 en 2011 \u00a0Un competidor aprieta los dientes en la parte ciclista. PABLO SIERRA P. S. | ES&hellip;","_links":{"self":[{"href":"https:\/\/fetrib.com\/web\/wp-json\/wp\/v2\/posts\/121","targetHints":{"allow":["GET"]}}],"collection":[{"href":"https:\/\/fetrib.com\/web\/wp-json\/wp\/v2\/posts"}],"about":[{"href":"https:\/\/fetrib.com\/web\/wp-json\/wp\/v2\/types\/post"}],"author":[{"embeddable":true,"href":"https:\/\/fetrib.com\/web\/wp-json\/wp\/v2\/users\/1"}],"replies":[{"embeddable":true,"href":"https:\/\/fetrib.com\/web\/wp-json\/wp\/v2\/comments?post=121"}],"version-history":[{"count":0,"href":"https:\/\/fetrib.com\/web\/wp-json\/wp\/v2\/posts\/121\/revisions"}],"wp:attachment":[{"href":"https:\/\/fetrib.com\/web\/wp-json\/wp\/v2\/media?parent=121"}],"wp:term":[{"taxonomy":"category","embeddable":true,"href":"https:\/\/fetrib.com\/web\/wp-json\/wp\/v2\/categories?post=121"},{"taxonomy":"post_tag","embeddable":true,"href":"https:\/\/fetrib.com\/web\/wp-json\/wp\/v2\/tags?post=121"}],"curies":[{"name":"wp","href":"https:\/\/api.w.org\/{rel}","templated":true}]}}