{"id":128,"date":"2012-02-09T11:54:40","date_gmt":"2012-02-09T11:54:40","guid":{"rendered":"http:\/\/www.fetrib.com\/web2018\/resultados\/i-duatlo-can-picafort\/"},"modified":"2012-02-09T11:54:40","modified_gmt":"2012-02-09T11:54:40","slug":"i-duatlo-can-picafort","status":"publish","type":"post","link":"https:\/\/fetrib.com\/web\/2012\/02\/09\/i-duatlo-can-picafort\/","title":{"rendered":"I DUATLO CAN PICAFORT.CTO BALEARES DUATLON"},"content":{"rendered":"<p><span style=\"color: #000000;\"><strong><span style=\"font-family: Arial; font-size: 8.5pt;\"><img loading=\"lazy\" decoding=\"async\" src=\"images\/stories\/posterduatlocanpicafort.bmp\" border=\"0\" width=\"171\" height=\"202\" style=\"float: left;\" \/><\/span><\/strong><\/span><\/p>\n<p><span style=\"color: #000000;\"><strong><span style=\"font-family: Arial; font-size: 8.5pt;\"> <\/span><\/strong><\/span><span style=\"color: #000000;\"><strong><span style=\"font-family: Arial; font-size: 8.5pt;\"><span style=\"color: #000000;\"><strong><span style=\"font-family: Arial; font-size: 8.5pt;\"><img loading=\"lazy\" decoding=\"async\" src=\"images\/stories\/sortida.jpg\" border=\"0\" width=\"368\" height=\"184\" style=\"float: left;\" \/><\/span><\/strong><\/span><\/span><\/strong><\/span><\/p>\n<p><span style=\"color: #000000;\"><strong><span style=\"font-family: Arial; font-size: 8.5pt;\">CR\u00d3NICA DUATL\u00d3 CAN PICAFORT 2012.<\/span><\/strong><span style=\"font-family: Arial; font-size: 8.5pt;\">CAMPIONAT DE BALEARS DE CARRETERA:<\/span><\/span><\/p>\n<p><span style=\"color: #000000;\"><span style=\"font-family: Arial; font-size: 8.5pt;\"> <\/span><\/span><\/p>\n<p class=\"MsoNormal\" style=\"margin: 0cm 0cm 10pt;\"><span style=\"line-height: 115%; font-size: 9pt; mso-ascii-font-family: Calibri; mso-ascii-theme-font: minor-latin; mso-hansi-font-family: Calibri; mso-hansi-theme-font: minor-latin; mso-bidi-font-family: Calibri; mso-bidi-theme-font: minor-latin; mso-ansi-language: ES;\"><span style=\"font-family: Calibri;\">Bajo la organizaci\u00f3n del Atl\u00e8tic Club Picafort se celebraba el 1er Duatl\u00f3n Ol\u00edmpico de Can Picafort que a la vez serv\u00eda de Campeonato de Baleares individual y por Clubs. 176 individuales y 20 equipos de relevos se han disputado una plaza sobre unas distancias de 10km de carrera, 40km de ciclismo y 5km de carrera se ha disputado el domingo 4 de Marzo. Con un tiempo que en todo momento ha acompa\u00f1ado la prueba y ha hecho disfrutar a participantes y al p\u00fablico que no paraba de animar a cada paso de los duatletas.<span style=\"mso-spacerun: yes;\"> <\/span><\/span><\/span><\/p>\n<p class=\"MsoNormal\" style=\"margin: 0cm 0cm 10pt;\"><span style=\"line-height: 115%; font-size: 9pt; mso-ascii-font-family: Calibri; mso-ascii-theme-font: minor-latin; mso-hansi-font-family: Calibri; mso-hansi-theme-font: minor-latin; mso-bidi-font-family: Calibri; mso-bidi-theme-font: minor-latin; mso-ansi-language: ES;\"><span style=\"font-family: Calibri;\">Ya en el primer sector se hizo un grupo con los favoritos al triunfo final con un poco de ventaja para Miguel Fern\u00e1ndez Mini\u00f1o que llegaba algo destacado a la 1era transici\u00f3n. Ya en el sector de ciclismo el cual constaba de 3 vueltas se ha dado caza a Miguel y se han destacado 3 duatletas que a la postre se jugar\u00edan las plazas de podio. Un poco m\u00e1s atr\u00e1s transitaba un pelot\u00f3n en el que iban del cuarto al catorce pero que no consigui\u00f3 dar alcance al tr\u00edo de cabeza. As\u00ed pasaban los kil\u00f3metros y a falta de 1 kil\u00f3metro Juan Antonio Fern\u00e1ndez daba un ataque y consigui\u00f3 llegar con unos 15\u2019\u2019 de ventaja a la segunda transici\u00f3n. En el segundo pelot\u00f3n tambi\u00e9n se dieron varios ataques pero quedaron neutralizados antes de la transici\u00f3n y se bajaron a correr todos juntos.<\/span><\/span><\/p>\n<p class=\"MsoNormal\" style=\"margin: 0cm 0cm 10pt;\"><span style=\"line-height: 115%; font-size: 9pt; mso-ascii-font-family: Calibri; mso-ascii-theme-font: minor-latin; mso-hansi-font-family: Calibri; mso-hansi-theme-font: minor-latin; mso-bidi-font-family: Calibri; mso-bidi-theme-font: minor-latin; mso-ansi-language: ES;\"><span style=\"font-family: Calibri;\">Ya s\u00f3lo les quedaba afrontar los \u00faltimos 5km de carrera donde Miguel Fern\u00e1ndez Mini\u00f1o consigue ponerse en 1era posici\u00f3n a falta de 1 vuelta y media de las 2 que constaba el \u00faltimo sector de carrera. Posici\u00f3n que ya no abandonar\u00eda entrando en meta con un tiempo de 2h 2\u2019 43\u2019\u2019 y proclam\u00e1ndose Campe\u00f3n de Baleares de la especialidad, segundo entrar\u00eda Juan Antonio Fern\u00e1ndez, tercero Andreu Marim\u00f3n, cuarto Iv\u00e1n Mu\u00f1oz, quinto Tomas Morell, sexto Biel Oliver, s\u00e9ptimo Paco Ruiz, octavo Pep Vidal, noveno Jos\u00e9 Guerra y d\u00e9cimo completando el Top10 Mario Hennemann.<\/span><\/span><\/p>\n<p class=\"MsoNormal\" style=\"margin: 0cm 0cm 10pt;\"><span style=\"line-height: 115%; font-size: 9pt; mso-ascii-font-family: Calibri; mso-ascii-theme-font: minor-latin; mso-hansi-font-family: Calibri; mso-hansi-theme-font: minor-latin; mso-bidi-font-family: Calibri; mso-bidi-theme-font: minor-latin; mso-ansi-language: ES;\"><span style=\"font-family: Calibri;\">En f\u00e9minas triunfo incontestable de Xisca Tous con 2h 25\u2019 4\u2019\u2019 comandando la prueba de cabo a rabo desde el 1er sector de carrera, en segunda posici\u00f3n entrar\u00eda Roc\u00edo Delgado y en tercera posici\u00f3n Xisca Cifre.<\/span><\/span><\/p>\n<p class=\"MsoNormal\" style=\"margin: 0cm 0cm 10pt;\"><span style=\"line-height: 115%; font-size: 9pt; mso-ascii-font-family: Calibri; mso-ascii-theme-font: minor-latin; mso-hansi-font-family: Calibri; mso-hansi-theme-font: minor-latin; mso-bidi-font-family: Calibri; mso-bidi-theme-font: minor-latin; mso-ansi-language: ES;\"><span style=\"font-family: Calibri;\">Por Clubs el triunfo y el t\u00edtulo de Campeones de Baleares<span style=\"mso-spacerun: yes;\"> <\/span>ha ido a parar al Bimont- CC Andratx, Subcampeones han sido los integrantes del Club Triatl\u00f3 Consell y en tercera posici\u00f3n el A.D.A. Calvia.<\/span><\/span><\/p>\n<p class=\"MsoNormal\" style=\"margin: 0cm 0cm 10pt;\"><span style=\"line-height: 115%; font-size: 9pt; mso-ascii-font-family: Calibri; mso-ascii-theme-font: minor-latin; mso-hansi-font-family: Calibri; mso-hansi-theme-font: minor-latin; mso-bidi-font-family: Calibri; mso-bidi-theme-font: minor-latin; mso-ansi-language: ES;\"><span style=\"font-family: Calibri;\">En la modalidad de equipos de relevos se han proclamado vencedores Jaume Comas y Guiem Ferrer, segundos Toni Tugores y Jordi Pic\u00f3 y en tercera posici\u00f3n Iv\u00e1n Gonzalez y Tomeu Riera.<\/span><\/span><\/p>\n<p class=\"MsoNormal\" style=\"text-align: center; margin: 0cm 0cm 10pt;\"><span style=\"line-height: 115%; font-size: 9pt; mso-ascii-font-family: Calibri; mso-ascii-theme-font: minor-latin; mso-hansi-font-family: Calibri; mso-hansi-theme-font: minor-latin; mso-bidi-font-family: Calibri; mso-bidi-theme-font: minor-latin; mso-ansi-language: ES;\"><span style=\"font-family: Calibri;\"><a href=\"http:\/\/www.elitechip.net\/system\/public\/dldcache\/3ee6a6515b356c3af877326c05cfd618.pdf\"><strong>RESULTADOS AQU\u00cd<\/strong><\/a><\/span><\/span><\/p>\n<p>\u00a0<\/p>\n<p>\u00a0<\/p>\n<p>\u00a0<\/p>\n","protected":false},"excerpt":{"rendered":"<p>CR\u00d3NICA DUATL\u00d3 CAN PICAFORT 2012.CAMPIONAT DE BALEARS DE CARRETERA: Bajo la organizaci\u00f3n del Atl\u00e8tic Club Picafort se celebraba el 1er Duatl\u00f3n Ol\u00edmpico de Can Picafort que a la vez serv\u00eda de Campeonato de Baleares individual y por Clubs. 176 individuales y 20 equipos de relevos se han disputado una plaza sobre unas distancias de 10km &#8230;<\/p>\n","protected":false},"author":1,"featured_media":0,"comment_status":"open","ping_status":"open","sticky":false,"template":"","format":"standard","meta":{"_uag_custom_page_level_css":"","footnotes":""},"categories":[40],"tags":[],"class_list":["post-128","post","type-post","status-publish","format-standard","hentry","category-resultados"],"uagb_featured_image_src":{"full":false,"thumbnail":false,"medium":false,"medium_large":false,"large":false,"1536x1536":false,"2048x2048":false,"tie-small":false,"tie-large":false,"slider":false},"uagb_author_info":{"display_name":"admin","author_link":"https:\/\/fetrib.com\/web\/author\/admin\/"},"uagb_comment_info":0,"uagb_excerpt":"CR\u00d3NICA DUATL\u00d3 CAN PICAFORT 2012.CAMPIONAT DE BALEARS DE CARRETERA: Bajo la organizaci\u00f3n del Atl\u00e8tic Club Picafort se celebraba el 1er Duatl\u00f3n Ol\u00edmpico de Can Picafort que a la vez serv\u00eda de Campeonato de Baleares individual y por Clubs. 176 individuales y 20 equipos de relevos se han disputado una plaza sobre unas distancias de 10km&hellip;","_links":{"self":[{"href":"https:\/\/fetrib.com\/web\/wp-json\/wp\/v2\/posts\/128","targetHints":{"allow":["GET"]}}],"collection":[{"href":"https:\/\/fetrib.com\/web\/wp-json\/wp\/v2\/posts"}],"about":[{"href":"https:\/\/fetrib.com\/web\/wp-json\/wp\/v2\/types\/post"}],"author":[{"embeddable":true,"href":"https:\/\/fetrib.com\/web\/wp-json\/wp\/v2\/users\/1"}],"replies":[{"embeddable":true,"href":"https:\/\/fetrib.com\/web\/wp-json\/wp\/v2\/comments?post=128"}],"version-history":[{"count":0,"href":"https:\/\/fetrib.com\/web\/wp-json\/wp\/v2\/posts\/128\/revisions"}],"wp:attachment":[{"href":"https:\/\/fetrib.com\/web\/wp-json\/wp\/v2\/media?parent=128"}],"wp:term":[{"taxonomy":"category","embeddable":true,"href":"https:\/\/fetrib.com\/web\/wp-json\/wp\/v2\/categories?post=128"},{"taxonomy":"post_tag","embeddable":true,"href":"https:\/\/fetrib.com\/web\/wp-json\/wp\/v2\/tags?post=128"}],"curies":[{"name":"wp","href":"https:\/\/api.w.org\/{rel}","templated":true}]}}