{"id":134,"date":"2012-03-31T10:37:58","date_gmt":"2012-03-31T10:37:58","guid":{"rendered":"http:\/\/www.fetrib.com\/web2018\/escolar-base\/duatlon-categorias-menores-tristar\/"},"modified":"2012-03-31T10:37:58","modified_gmt":"2012-03-31T10:37:58","slug":"duatlon-categorias-menores-tristar","status":"publish","type":"post","link":"https:\/\/fetrib.com\/web\/2012\/03\/31\/duatlon-categorias-menores-tristar\/","title":{"rendered":"RESULTADOS DUATLON CATEGOR\u00cdAS MENORES TRISTAR"},"content":{"rendered":"<p>DUATLON CATEGOR\u00cdAS MENORES TRISTAR, CAMPEONATO DE MALLORCA<\/p>\n<p>fecha: s\u00e1bado 14 de Abril<\/p>\n<p>PREBENJAMIN\u00a0<span style=\"-webkit-tap-highlight-color: rgba(26, 26, 26, 0.296875); -webkit-composition-fill-color: rgba(175, 192, 227, 0.230469); -webkit-composition-frame-color: rgba(77, 128, 180, 0.230469);\">RESULTADOS:<\/span><\/p>\n<p>Femenino:1* Mar Segarra, 2* Neus Cap\u00f3, 3* Mar\u00eda Oliver<\/p>\n<p>Masculino:1* Jaime Alemany (ADA Calvi\u00e0), 2* Marc Cap\u00f3,3* Kieran David (CN Andratx-Sprint)<\/p>\n<p>BENJAMIN\u00a0<span style=\"-webkit-tap-highlight-color: rgba(26, 26, 26, 0.296875); -webkit-composition-fill-color: rgba(175, 192, 227, 0.230469); -webkit-composition-frame-color: rgba(77, 128, 180, 0.230469);\">RESULTADOS:<\/span><\/p>\n<p>Femenino:1* Julia Gallego (CN Andratx-Sprint), 2* Viktoriya Kopytova\u00a0<span style=\"-webkit-tap-highlight-color: rgba(26, 26, 26, 0.292969); -webkit-composition-fill-color: rgba(175, 192, 227, 0.230469); -webkit-composition-frame-color: rgba(77, 128, 180, 0.230469);\">(CN Andratx-Sprint),3* Nuria Tauler (CA Muro)<\/span><\/p>\n<p><span style=\"-webkit-tap-highlight-color: rgba(26, 26, 26, 0.292969); -webkit-composition-fill-color: rgba(175, 192, 227, 0.230469); -webkit-composition-frame-color: rgba(77, 128, 180, 0.230469);\">Masculino:1* Pere Mestre Adrover (CT Porto Colom), 2* Rafael Joan Bover (CT Porto Colom), 3* Lenny Dominique<\/span><\/p>\n<p><span style=\"-webkit-tap-highlight-color: rgba(26, 26, 26, 0.292969); -webkit-composition-fill-color: rgba(175, 192, 227, 0.230469); -webkit-composition-frame-color: rgba(77, 128, 180, 0.230469);\">ALEVIN <\/span>RESULTADOS:<\/p>\n<p>Femenino:1* Elena Anna Roig (CN Llucmajor),2* Ana Garc\u00eda\u00a0<span style=\"-webkit-tap-highlight-color: rgba(26, 26, 26, 0.292969); -webkit-composition-fill-color: rgba(175, 192, 227, 0.230469); -webkit-composition-frame-color: rgba(77, 128, 180, 0.230469);\">(CN Andratx-Sprint),3* Andrea Borrachero<\/span><\/p>\n<p><span style=\"-webkit-tap-highlight-color: rgba(26, 26, 26, 0.292969); -webkit-composition-fill-color: rgba(175, 192, 227, 0.230469); -webkit-composition-frame-color: rgba(77, 128, 180, 0.230469);\">Masculino:1* Miquel Noguera Tom\u00e1s (CN Llucmajor),2* Jaume Sastre (CN Llucmajor),3* Hugo Domene (CT Santa EULARIA)<\/span><\/p>\n<p>INFANTIL\u00a0<span style=\"-webkit-tap-highlight-color: rgba(26, 26, 26, 0.296875); -webkit-composition-fill-color: rgba(175, 192, 227, 0.230469); -webkit-composition-frame-color: rgba(77, 128, 180, 0.230469);\">RESULTADOS:<\/span><\/p>\n<p>Femenino:1* Ana Soler (ADA Calvi\u00e0),2* Claudia Balleste (CT Santa Eularia),3* Hanna Fuchs,4* Anouk Mimi (CT Santa Eularia, 3* Clasif. CTO. Mallorca)<\/p>\n<p>Masculino:1* Daniel Pons\u00a0<span style=\"-webkit-tap-highlight-color: rgba(26, 26, 26, 0.292969); -webkit-composition-fill-color: rgba(175, 192, 227, 0.230469); -webkit-composition-frame-color: rgba(77, 128, 180, 0.230469);\">(CN Andratx-Sprint),2* Trist\u00e1n de la Cruz <\/span><span style=\"-webkit-tap-highlight-color: rgba(26, 26, 26, 0.292969); -webkit-composition-fill-color: rgba(175, 192, 227, 0.230469); -webkit-composition-frame-color: rgba(77, 128, 180, 0.230469);\">(CN Andratx-Sprint),3* Adri\u00e1n Ehrenberger (ADA Calvia)<\/span><\/p>\n<p><span style=\"-webkit-tap-highlight-color: rgba(26, 26, 26, 0.292969); -webkit-composition-fill-color: rgba(175, 192, 227, 0.230469); -webkit-composition-frame-color: rgba(77, 128, 180, 0.230469);\">CADETE <\/span><span style=\"-webkit-tap-highlight-color: rgba(26, 26, 26, 0.292969); -webkit-composition-fill-color: rgba(175, 192, 227, 0.230469); -webkit-composition-frame-color: rgba(77, 128, 180, 0.230469);\">RESULTADOS:<\/span><\/p>\n<p><span style=\"-webkit-tap-highlight-color: rgba(26, 26, 26, 0.292969); -webkit-composition-fill-color: rgba(175, 192, 227, 0.230469); -webkit-composition-frame-color: rgba(77, 128, 180, 0.230469);\">Femenino: 1* Mar\u00eda Angels Mestre ( CT Portocolom), 2* Paula Arenas ( ADA Calvia)<\/span><\/p>\n<p><span style=\"-webkit-tap-highlight-color: rgba(26, 26, 26, 0.292969); -webkit-composition-fill-color: rgba(175, 192, 227, 0.230469); -webkit-composition-frame-color: rgba(77, 128, 180, 0.230469);\">Masculino: 1* Jorge Garc\u00eda <\/span><span style=\"-webkit-tap-highlight-color: rgba(26, 26, 26, 0.292969); -webkit-composition-fill-color: rgba(175, 192, 227, 0.230469); -webkit-composition-frame-color: rgba(77, 128, 180, 0.230469);\">(CN Andratx-Sprint), 2* Nathan Blinden ( Suiza), 3* Lloren\u00e7 Soler ( ADA Calvia), 4* Manuel Garc\u00eda <\/span><span style=\"-webkit-tap-highlight-color: rgba(26, 26, 26, 0.292969); -webkit-composition-fill-color: rgba(175, 192, 227, 0.230469); -webkit-composition-frame-color: rgba(77, 128, 180, 0.230469);\">(CN Andratx-Sprint) tercer Clasif. Cto Mallorca.<\/span><\/p>\n<p><img decoding=\"async\" src=\"webkit-fake-url:\/\/984A8AB4-6A87-4F77-A846-A7CFC65A1CB3\/imagejpeg\" border=\"0\" \/><\/p>\n<p>\u00a0<\/p>\n<p>FOTOS EN FACEBOOK, PAGINA ESPORTACTIU.NET.<\/p>\n","protected":false},"excerpt":{"rendered":"<p>DUATLON CATEGOR\u00cdAS MENORES TRISTAR, CAMPEONATO DE MALLORCA fecha: s\u00e1bado 14 de Abril PREBENJAMIN\u00a0RESULTADOS: Femenino:1* Mar Segarra, 2* Neus Cap\u00f3, 3* Mar\u00eda Oliver Masculino:1* Jaime Alemany (ADA Calvi\u00e0), 2* Marc Cap\u00f3,3* Kieran David (CN Andratx-Sprint) BENJAMIN\u00a0RESULTADOS: Femenino:1* Julia Gallego (CN Andratx-Sprint), 2* Viktoriya Kopytova\u00a0(CN Andratx-Sprint),3* Nuria Tauler (CA Muro) Masculino:1* Pere Mestre Adrover (CT Porto Colom), &#8230;<\/p>\n","protected":false},"author":1,"featured_media":0,"comment_status":"open","ping_status":"open","sticky":false,"template":"","format":"standard","meta":{"_uag_custom_page_level_css":"","footnotes":""},"categories":[29],"tags":[],"class_list":["post-134","post","type-post","status-publish","format-standard","hentry","category-escolar-base"],"uagb_featured_image_src":{"full":false,"thumbnail":false,"medium":false,"medium_large":false,"large":false,"1536x1536":false,"2048x2048":false,"tie-small":false,"tie-large":false,"slider":false},"uagb_author_info":{"display_name":"admin","author_link":"https:\/\/fetrib.com\/web\/author\/admin\/"},"uagb_comment_info":0,"uagb_excerpt":"DUATLON CATEGOR\u00cdAS MENORES TRISTAR, CAMPEONATO DE MALLORCA fecha: s\u00e1bado 14 de Abril PREBENJAMIN\u00a0RESULTADOS: Femenino:1* Mar Segarra, 2* Neus Cap\u00f3, 3* Mar\u00eda Oliver Masculino:1* Jaime Alemany (ADA Calvi\u00e0), 2* Marc Cap\u00f3,3* Kieran David (CN Andratx-Sprint) BENJAMIN\u00a0RESULTADOS: Femenino:1* Julia Gallego (CN Andratx-Sprint), 2* Viktoriya Kopytova\u00a0(CN Andratx-Sprint),3* Nuria Tauler (CA Muro) Masculino:1* Pere Mestre Adrover (CT Porto Colom),&hellip;","_links":{"self":[{"href":"https:\/\/fetrib.com\/web\/wp-json\/wp\/v2\/posts\/134","targetHints":{"allow":["GET"]}}],"collection":[{"href":"https:\/\/fetrib.com\/web\/wp-json\/wp\/v2\/posts"}],"about":[{"href":"https:\/\/fetrib.com\/web\/wp-json\/wp\/v2\/types\/post"}],"author":[{"embeddable":true,"href":"https:\/\/fetrib.com\/web\/wp-json\/wp\/v2\/users\/1"}],"replies":[{"embeddable":true,"href":"https:\/\/fetrib.com\/web\/wp-json\/wp\/v2\/comments?post=134"}],"version-history":[{"count":0,"href":"https:\/\/fetrib.com\/web\/wp-json\/wp\/v2\/posts\/134\/revisions"}],"wp:attachment":[{"href":"https:\/\/fetrib.com\/web\/wp-json\/wp\/v2\/media?parent=134"}],"wp:term":[{"taxonomy":"category","embeddable":true,"href":"https:\/\/fetrib.com\/web\/wp-json\/wp\/v2\/categories?post=134"},{"taxonomy":"post_tag","embeddable":true,"href":"https:\/\/fetrib.com\/web\/wp-json\/wp\/v2\/tags?post=134"}],"curies":[{"name":"wp","href":"https:\/\/api.w.org\/{rel}","templated":true}]}}