{"id":143,"date":"2012-06-15T07:22:02","date_gmt":"2012-06-15T07:22:02","guid":{"rendered":"http:\/\/www.fetrib.com\/web2018\/escolar-base\/campus-infantil-verano-ct-consell\/"},"modified":"2012-06-15T07:22:02","modified_gmt":"2012-06-15T07:22:02","slug":"campus-infantil-verano-ct-consell","status":"publish","type":"post","link":"https:\/\/fetrib.com\/web\/2012\/06\/15\/campus-infantil-verano-ct-consell\/","title":{"rendered":"CAMPUS INFANTIL VERANO C.T CONSELL"},"content":{"rendered":"<p>I CAMPUS DE VERANO CLUB TRIATL\u00d3 CONSELL:<\/p>\n<p>\u00a0<\/p>\n<div class=\"MsoNormal\" style=\"text-align: center;\"><span style=\"font-family: Arial,sans-serif; font-size: 10pt;\">El Campus de Verano de Triatl\u00f3n va dirigido a los ni\u00f1os y ni\u00f1as que presenten un  inter\u00e9s en este deporte. <\/span><\/div>\n<div class=\"Standard\" style=\"text-align: center;\"><span style=\"font-family: Arial,sans-serif; font-size: 10pt;\">El <\/span><span style=\"font-family: Arial,sans-serif; font-size: 10pt;\">campus consistir\u00e1 en  actividades relacionadas con el triatl\u00f3n con el fin de promover y conocer dicho  deporte, realizando actividades deportivas y educativas. El objetivo principal  es fomentar la pr\u00e1ctica deportiva entre los ni\u00f1os\/as m\u00e1s j\u00f3venes, en este caso,  aplicada al triatl\u00f3n<\/span><span style=\"font-family: Arial,sans-serif; font-size: 10pt;\">.<\/span><span style=\"font-family: Arial,sans-serif; font-size: 10pt;\"> <\/span><\/div>\n<div class=\"MsoNormal\" style=\"text-align: center;\"><span style=\"font-family: Arial,sans-serif; font-size: 10pt;\">El Campus se oferta a  ni\u00f1o\/as de entre los <strong>8 y 14 a\u00f1os, <\/strong>para un total de 30<strong> plazas.<\/strong><\/span><\/div>\n<div class=\"MsoNormal\" style=\"text-align: center;\"><strong><span style=\"font-family: Arial,sans-serif; font-size: 10pt;\">DURACI\u00d3N: <\/span><\/strong><span style=\"font-family: Arial,sans-serif; font-size: 10pt;\">DEL 25  AL 29 DE JUNIO 2012 de 09.00 h a 14.00 h <\/span><\/div>\n<div class=\"MsoNormal\" style=\"text-align: center;\"><strong><span style=\"font-family: Arial,sans-serif; font-size: 10pt;\">LUGAR: <\/span><\/strong><span style=\"font-family: Arial,sans-serif; font-size: 10pt;\">Campo de F\u00fatbol y  Piscina Municipal de Consell &#8211; Mallorca<\/span><\/div>\n<div class=\"MsoNormal\" style=\"text-align: center;\"><span style=\"font-family: Arial,sans-serif; font-size: 10pt;\">MAS INFO:<br \/><\/span><\/div>\n<p style=\"text-align: center;\"><a href=\"http:\/\/www.ctconsell.net\/p\/campus-ctc.html\">http:\/\/www.ctconsell.net\/p\/campus-ctc.html<\/a><\/p>\n<p>\u00a0<\/p>\n<p>\u00a0<\/p>\n<p>\u00a0<\/p>\n","protected":false},"excerpt":{"rendered":"<p>I CAMPUS DE VERANO CLUB TRIATL\u00d3 CONSELL: \u00a0 El Campus de Verano de Triatl\u00f3n va dirigido a los ni\u00f1os y ni\u00f1as que presenten un inter\u00e9s en este deporte. El campus consistir\u00e1 en actividades relacionadas con el triatl\u00f3n con el fin de promover y conocer dicho deporte, realizando actividades deportivas y educativas. El objetivo principal es &#8230;<\/p>\n","protected":false},"author":1,"featured_media":0,"comment_status":"open","ping_status":"open","sticky":false,"template":"","format":"standard","meta":{"_uag_custom_page_level_css":"","footnotes":""},"categories":[29],"tags":[],"class_list":["post-143","post","type-post","status-publish","format-standard","hentry","category-escolar-base"],"uagb_featured_image_src":{"full":false,"thumbnail":false,"medium":false,"medium_large":false,"large":false,"1536x1536":false,"2048x2048":false,"tie-small":false,"tie-large":false,"slider":false},"uagb_author_info":{"display_name":"admin","author_link":"https:\/\/fetrib.com\/web\/author\/admin\/"},"uagb_comment_info":0,"uagb_excerpt":"I CAMPUS DE VERANO CLUB TRIATL\u00d3 CONSELL: \u00a0 El Campus de Verano de Triatl\u00f3n va dirigido a los ni\u00f1os y ni\u00f1as que presenten un inter\u00e9s en este deporte. El campus consistir\u00e1 en actividades relacionadas con el triatl\u00f3n con el fin de promover y conocer dicho deporte, realizando actividades deportivas y educativas. El objetivo principal es&hellip;","_links":{"self":[{"href":"https:\/\/fetrib.com\/web\/wp-json\/wp\/v2\/posts\/143","targetHints":{"allow":["GET"]}}],"collection":[{"href":"https:\/\/fetrib.com\/web\/wp-json\/wp\/v2\/posts"}],"about":[{"href":"https:\/\/fetrib.com\/web\/wp-json\/wp\/v2\/types\/post"}],"author":[{"embeddable":true,"href":"https:\/\/fetrib.com\/web\/wp-json\/wp\/v2\/users\/1"}],"replies":[{"embeddable":true,"href":"https:\/\/fetrib.com\/web\/wp-json\/wp\/v2\/comments?post=143"}],"version-history":[{"count":0,"href":"https:\/\/fetrib.com\/web\/wp-json\/wp\/v2\/posts\/143\/revisions"}],"wp:attachment":[{"href":"https:\/\/fetrib.com\/web\/wp-json\/wp\/v2\/media?parent=143"}],"wp:term":[{"taxonomy":"category","embeddable":true,"href":"https:\/\/fetrib.com\/web\/wp-json\/wp\/v2\/categories?post=143"},{"taxonomy":"post_tag","embeddable":true,"href":"https:\/\/fetrib.com\/web\/wp-json\/wp\/v2\/tags?post=143"}],"curies":[{"name":"wp","href":"https:\/\/api.w.org\/{rel}","templated":true}]}}