{"id":149,"date":"2012-07-16T09:31:20","date_gmt":"2012-07-16T09:31:20","guid":{"rendered":"http:\/\/www.fetrib.com\/web2018\/uncategorised\/comunicado-anulacion-cameponato-espana\/"},"modified":"2012-07-16T09:31:20","modified_gmt":"2012-07-16T09:31:20","slug":"comunicado-anulacion-cameponato-espana","status":"publish","type":"post","link":"https:\/\/fetrib.com\/web\/2012\/07\/16\/comunicado-anulacion-cameponato-espana\/","title":{"rendered":"COMUNICADO ANULACI\u00d3N CAMPEONATO ESPA\u00d1A"},"content":{"rendered":"<p>COMUNICADO OFICIAL FETRIB ( ASUNTO: ANULACI\u00d3N CTO ESPA\u00d1A DISTANCIA SPRINT Y RELEVOS)<br \/>A d\u00eda de hoy 13 de julio de 2012 y en reuni\u00f3n del comit\u00e9 ejecutivo del Campeonato de Espa\u00f1a de Triatl\u00f3n Sprint y el Campeonato de Espa\u00f1a de Triatl\u00f3n por relevos no hemos tenido m\u00e1s remedio que tomar la decisi\u00f3n de renunciar a la organizaci\u00f3n de los mismos.<br \/>Despu\u00e9s de muchas revisiones presupuestarias se ha llegado a la conclusi\u00f3n de que dichas competiciones no son asumibles con las condiciones socio laborales actuales del Estado, de la Autonom\u00eda y del propio Municipio de Palma de Mallorca.<br \/>Se ha contactado con los responsables de las diferentes partidas de gastos y a pesar del gran esfuerzo expresado en n\u00fameros de la inmensa mayor\u00eda existen partidas que han resultado inamovibles por lo que los n\u00fameros se resisten a salir.<br \/>La decisi\u00f3n conjunta FETRIB e IME (Institut Municipal de L\u2019Esport), a pesar de no ser una buena noticia, nos permite avanzar en otros proyectos de menor exigencia presupuestaria pero buenos para la ciudad de Palma de Mallorca y para los triatletas en general. Proyectos que buscan crear y consolidar una brillante competici\u00f3n de Triatl\u00f3n en la ciudad de Palma, en el entorno de su barrio g\u00f3tico, catedral y parc del mar que sin duda no dejara a nadie indiferente.<br \/>Nos queremos disculpar ante los que ya hab\u00edan asumido su presencia en la competici\u00f3n de Palma, lo lamentamos pero sabemos que es mejor avisar lo antes posible y es lo que hacemos en este comunicado.<br \/>Atentamente<br \/>Fdo Jaume Marti Jaume<\/p>\n<p>Presidente FETRIB<\/p>\n<p>\u00a0<\/p>\n","protected":false},"excerpt":{"rendered":"<p>COMUNICADO OFICIAL FETRIB ( ASUNTO: ANULACI\u00d3N CTO ESPA\u00d1A DISTANCIA SPRINT Y RELEVOS)A d\u00eda de hoy 13 de julio de 2012 y en reuni\u00f3n del comit\u00e9 ejecutivo del Campeonato de Espa\u00f1a de Triatl\u00f3n Sprint y el Campeonato de Espa\u00f1a de Triatl\u00f3n por relevos no hemos tenido m\u00e1s remedio que tomar la decisi\u00f3n de renunciar a la &#8230;<\/p>\n","protected":false},"author":1,"featured_media":0,"comment_status":"open","ping_status":"open","sticky":false,"template":"","format":"standard","meta":{"_uag_custom_page_level_css":"","footnotes":""},"categories":[46],"tags":[],"class_list":["post-149","post","type-post","status-publish","format-standard","hentry","category-triatlo"],"uagb_featured_image_src":{"full":false,"thumbnail":false,"medium":false,"medium_large":false,"large":false,"1536x1536":false,"2048x2048":false,"tie-small":false,"tie-large":false,"slider":false},"uagb_author_info":{"display_name":"admin","author_link":"https:\/\/fetrib.com\/web\/author\/admin\/"},"uagb_comment_info":0,"uagb_excerpt":"COMUNICADO OFICIAL FETRIB ( ASUNTO: ANULACI\u00d3N CTO ESPA\u00d1A DISTANCIA SPRINT Y RELEVOS)A d\u00eda de hoy 13 de julio de 2012 y en reuni\u00f3n del comit\u00e9 ejecutivo del Campeonato de Espa\u00f1a de Triatl\u00f3n Sprint y el Campeonato de Espa\u00f1a de Triatl\u00f3n por relevos no hemos tenido m\u00e1s remedio que tomar la decisi\u00f3n de renunciar a la&hellip;","_links":{"self":[{"href":"https:\/\/fetrib.com\/web\/wp-json\/wp\/v2\/posts\/149","targetHints":{"allow":["GET"]}}],"collection":[{"href":"https:\/\/fetrib.com\/web\/wp-json\/wp\/v2\/posts"}],"about":[{"href":"https:\/\/fetrib.com\/web\/wp-json\/wp\/v2\/types\/post"}],"author":[{"embeddable":true,"href":"https:\/\/fetrib.com\/web\/wp-json\/wp\/v2\/users\/1"}],"replies":[{"embeddable":true,"href":"https:\/\/fetrib.com\/web\/wp-json\/wp\/v2\/comments?post=149"}],"version-history":[{"count":0,"href":"https:\/\/fetrib.com\/web\/wp-json\/wp\/v2\/posts\/149\/revisions"}],"wp:attachment":[{"href":"https:\/\/fetrib.com\/web\/wp-json\/wp\/v2\/media?parent=149"}],"wp:term":[{"taxonomy":"category","embeddable":true,"href":"https:\/\/fetrib.com\/web\/wp-json\/wp\/v2\/categories?post=149"},{"taxonomy":"post_tag","embeddable":true,"href":"https:\/\/fetrib.com\/web\/wp-json\/wp\/v2\/tags?post=149"}],"curies":[{"name":"wp","href":"https:\/\/api.w.org\/{rel}","templated":true}]}}