{"id":156,"date":"2012-08-06T07:53:32","date_gmt":"2012-08-06T07:53:32","guid":{"rendered":"http:\/\/www.fetrib.com\/web2018\/comite-tecnico\/seleccion-triatlon-cto-espana-autonomias\/"},"modified":"2012-08-06T07:53:32","modified_gmt":"2012-08-06T07:53:32","slug":"seleccion-triatlon-cto-espana-autonomias","status":"publish","type":"post","link":"https:\/\/fetrib.com\/web\/2012\/08\/06\/seleccion-triatlon-cto-espana-autonomias\/","title":{"rendered":"SELECCI\u00d3N TRIATLON CTO ESPA\u00d1A AUTONOM\u00cdAS"},"content":{"rendered":"<p style=\"text-align: center;\">SELECCI\u00d3N TRIATL\u00d3N CAMPEONATO DE ESPA\u00d1A POR AUTONOMIAS:<\/p>\n<p style=\"text-align: left;\">\u00a0<\/p>\n<p style=\"text-align: left;\">Joan Noguera, Director T\u00e9cnico de la FETRIB ha dado la lista de convocados para el Campeonato de Espa\u00f1a de Triatl\u00f3n por Autonom\u00edas a celebrar en Mazarr\u00f3n, (Murcia) el pr\u00f3ximo 16 de Septiembre.<\/p>\n<p style=\"text-align: center;\">Seleccionados:<\/p>\n<p style=\"text-align: center;\">CARLOS LOPEZ<\/p>\n<p style=\"text-align: center;\">MIGUEL FERNANDEZ MINI\u00d1O<\/p>\n<p style=\"text-align: center;\">JUAN ANTONIO FERNANDEZ<\/p>\n<p style=\"text-align: center;\">TOMAS MORELL<\/p>\n<p style=\"text-align: center;\">LUCAS MOLA DIAZ<\/p>\n<p style=\"text-align: center;\">JOAN NADAL<\/p>\n<p style=\"text-align: left;\">Para m\u00e1s info: dtecnica@fetrib.com<\/p>\n<p style=\"text-align: center;\">\u00a0<\/p>\n","protected":false},"excerpt":{"rendered":"<p>SELECCI\u00d3N TRIATL\u00d3N CAMPEONATO DE ESPA\u00d1A POR AUTONOMIAS: \u00a0 Joan Noguera, Director T\u00e9cnico de la FETRIB ha dado la lista de convocados para el Campeonato de Espa\u00f1a de Triatl\u00f3n por Autonom\u00edas a celebrar en Mazarr\u00f3n, (Murcia) el pr\u00f3ximo 16 de Septiembre. Seleccionados: CARLOS LOPEZ MIGUEL FERNANDEZ MINI\u00d1O JUAN ANTONIO FERNANDEZ TOMAS MORELL LUCAS MOLA DIAZ JOAN &#8230;<\/p>\n","protected":false},"author":1,"featured_media":0,"comment_status":"open","ping_status":"open","sticky":false,"template":"","format":"standard","meta":{"_uag_custom_page_level_css":"","footnotes":""},"categories":[27],"tags":[],"class_list":["post-156","post","type-post","status-publish","format-standard","hentry","category-comite-tecnico"],"uagb_featured_image_src":{"full":false,"thumbnail":false,"medium":false,"medium_large":false,"large":false,"1536x1536":false,"2048x2048":false,"tie-small":false,"tie-large":false,"slider":false},"uagb_author_info":{"display_name":"admin","author_link":"https:\/\/fetrib.com\/web\/author\/admin\/"},"uagb_comment_info":0,"uagb_excerpt":"SELECCI\u00d3N TRIATL\u00d3N CAMPEONATO DE ESPA\u00d1A POR AUTONOMIAS: \u00a0 Joan Noguera, Director T\u00e9cnico de la FETRIB ha dado la lista de convocados para el Campeonato de Espa\u00f1a de Triatl\u00f3n por Autonom\u00edas a celebrar en Mazarr\u00f3n, (Murcia) el pr\u00f3ximo 16 de Septiembre. Seleccionados: CARLOS LOPEZ MIGUEL FERNANDEZ MINI\u00d1O JUAN ANTONIO FERNANDEZ TOMAS MORELL LUCAS MOLA DIAZ JOAN&hellip;","_links":{"self":[{"href":"https:\/\/fetrib.com\/web\/wp-json\/wp\/v2\/posts\/156","targetHints":{"allow":["GET"]}}],"collection":[{"href":"https:\/\/fetrib.com\/web\/wp-json\/wp\/v2\/posts"}],"about":[{"href":"https:\/\/fetrib.com\/web\/wp-json\/wp\/v2\/types\/post"}],"author":[{"embeddable":true,"href":"https:\/\/fetrib.com\/web\/wp-json\/wp\/v2\/users\/1"}],"replies":[{"embeddable":true,"href":"https:\/\/fetrib.com\/web\/wp-json\/wp\/v2\/comments?post=156"}],"version-history":[{"count":0,"href":"https:\/\/fetrib.com\/web\/wp-json\/wp\/v2\/posts\/156\/revisions"}],"wp:attachment":[{"href":"https:\/\/fetrib.com\/web\/wp-json\/wp\/v2\/media?parent=156"}],"wp:term":[{"taxonomy":"category","embeddable":true,"href":"https:\/\/fetrib.com\/web\/wp-json\/wp\/v2\/categories?post=156"},{"taxonomy":"post_tag","embeddable":true,"href":"https:\/\/fetrib.com\/web\/wp-json\/wp\/v2\/tags?post=156"}],"curies":[{"name":"wp","href":"https:\/\/api.w.org\/{rel}","templated":true}]}}