{"id":16,"date":"2010-12-22T19:36:38","date_gmt":"2010-12-22T19:36:38","guid":{"rendered":"http:\/\/www.fetrib.com\/web2018\/news\/latest-news\/convenio-fetrib-ironman\/"},"modified":"2010-12-22T19:36:38","modified_gmt":"2010-12-22T19:36:38","slug":"convenio-fetrib-ironman","status":"publish","type":"post","link":"https:\/\/fetrib.com\/web\/2010\/12\/22\/convenio-fetrib-ironman\/","title":{"rendered":"Convenio FETRIB-IRONMAN"},"content":{"rendered":"<p><img loading=\"lazy\" decoding=\"async\" src=\"images\/stories\/ironman703_mallorca_4c_klein.jpg\" border=\"0\" width=\"153\" height=\"74\" \/><\/p>\n<p>\u00a0<\/p>\n<p>Convenio con los organizadores del Ironman 70.3 de Alcudia:<\/p>\n<p>Todos los atletas federados en Baleares que participen en esta prueba tendr\u00e1n un <strong>abono de 15\u20ac<\/strong> en el importe de su inscripci\u00f3n que se har\u00e1 efectivo en la Federaci\u00f3n tras la prueba.<\/p>\n<p>La Federaci\u00f3n se pondr\u00e1 en contacto con los participantes a traves de su Club.<\/p>\n<p>\u00a0<\/p>\n","protected":false},"excerpt":{"rendered":"<p>\u00a0 Convenio con los organizadores del Ironman 70.3 de Alcudia: Todos los atletas federados en Baleares que participen en esta prueba tendr\u00e1n un abono de 15\u20ac en el importe de su inscripci\u00f3n que se har\u00e1 efectivo en la Federaci\u00f3n tras la prueba. La Federaci\u00f3n se pondr\u00e1 en contacto con los participantes a traves de su &#8230;<\/p>\n","protected":false},"author":1,"featured_media":0,"comment_status":"open","ping_status":"open","sticky":false,"template":"","format":"standard","meta":{"_uag_custom_page_level_css":"","footnotes":""},"categories":[37],"tags":[],"class_list":["post-16","post","type-post","status-publish","format-standard","hentry","category-latest-news"],"uagb_featured_image_src":{"full":false,"thumbnail":false,"medium":false,"medium_large":false,"large":false,"1536x1536":false,"2048x2048":false,"tie-small":false,"tie-large":false,"slider":false},"uagb_author_info":{"display_name":"admin","author_link":"https:\/\/fetrib.com\/web\/author\/admin\/"},"uagb_comment_info":0,"uagb_excerpt":"\u00a0 Convenio con los organizadores del Ironman 70.3 de Alcudia: Todos los atletas federados en Baleares que participen en esta prueba tendr\u00e1n un abono de 15\u20ac en el importe de su inscripci\u00f3n que se har\u00e1 efectivo en la Federaci\u00f3n tras la prueba. La Federaci\u00f3n se pondr\u00e1 en contacto con los participantes a traves de su&hellip;","_links":{"self":[{"href":"https:\/\/fetrib.com\/web\/wp-json\/wp\/v2\/posts\/16","targetHints":{"allow":["GET"]}}],"collection":[{"href":"https:\/\/fetrib.com\/web\/wp-json\/wp\/v2\/posts"}],"about":[{"href":"https:\/\/fetrib.com\/web\/wp-json\/wp\/v2\/types\/post"}],"author":[{"embeddable":true,"href":"https:\/\/fetrib.com\/web\/wp-json\/wp\/v2\/users\/1"}],"replies":[{"embeddable":true,"href":"https:\/\/fetrib.com\/web\/wp-json\/wp\/v2\/comments?post=16"}],"version-history":[{"count":0,"href":"https:\/\/fetrib.com\/web\/wp-json\/wp\/v2\/posts\/16\/revisions"}],"wp:attachment":[{"href":"https:\/\/fetrib.com\/web\/wp-json\/wp\/v2\/media?parent=16"}],"wp:term":[{"taxonomy":"category","embeddable":true,"href":"https:\/\/fetrib.com\/web\/wp-json\/wp\/v2\/categories?post=16"},{"taxonomy":"post_tag","embeddable":true,"href":"https:\/\/fetrib.com\/web\/wp-json\/wp\/v2\/tags?post=16"}],"curies":[{"name":"wp","href":"https:\/\/api.w.org\/{rel}","templated":true}]}}