{"id":170,"date":"2012-11-29T09:36:06","date_gmt":"2012-11-29T09:36:06","guid":{"rendered":"http:\/\/www.fetrib.com\/web2018\/proceso-electoral-2012\/elecciones\/presentacio-candidatures\/"},"modified":"2012-11-29T09:36:06","modified_gmt":"2012-11-29T09:36:06","slug":"presentacio-candidatures","status":"publish","type":"post","link":"https:\/\/fetrib.com\/web\/2012\/11\/29\/presentacio-candidatures\/","title":{"rendered":"PRESENTACI\u00d3 CANDIDATURES"},"content":{"rendered":"<p>\u00a0<\/p>\n<p style=\"text-align: left;\">JUNTA ELECTORAL FEDERACI\u00d3 DE TRIATLO DE LES ILLES BALEARS<\/p>\n<p style=\"text-align: left;\">PROCES ELECTORAL 2012<\/p>\n<p style=\"text-align: left;\">Data: 29 de Novembre de 2012<\/p>\n<p style=\"text-align: left;\">La junta electoral, una vegada concl\u00f2s el termini per a presentaci\u00f3 de recursos davant el TBE, i en<\/p>\n<p style=\"text-align: left;\">convocat\u00f2ria d\u2019Assemblea General, dissolta la junta directiva i constitu\u00efda la junta gestora,<\/p>\n<p style=\"text-align: left;\">obre el termini per a la presentaci\u00f3 de candidatures per prendre part en el proc\u00e9s d\u2019elecci\u00f3<\/p>\n<p style=\"text-align: left;\">d\u2019assembleistes.<\/p>\n<p style=\"text-align: left;\">Tal i com queda establert en el calendari electoral, el termini per a la presentaci\u00f3 de candidatures es de<\/p>\n<p style=\"text-align: left;\">15 dies naturals, desde el dia d\u2019avui.<\/p>\n<p style=\"text-align: left;\">Inici del termini: 29\/11\/2012<\/p>\n<p style=\"text-align: left;\">Finalitzaci\u00f3 del termini: 13\/12\/2012<\/p>\n<p style=\"text-align: left;\">La presentaci\u00f3 de candidatures, s\u2019haura de fer mitjan\u00e7ant els models publicats per la DGE, i que<\/p>\n<p style=\"text-align: left;\">s\u2019adjunten amb aquest comunicat.<\/p>\n<p style=\"text-align: left;\"><a href=\"images\/pdf\/doc13publicaciodocumentsavalsiniciterminipresentacio.pdf\">DOCUMENT\u00a0INICI PRESENTACI\u00d3 CANDIDATURES<\/a><\/p>\n<p style=\"text-align: left;\"><a href=\"images\/pdf\/avalssambleistafetrib2012_2016.pdf\">DOCUMENT PRESENTACI\u00d3 ASAMBLEISTA PERSONAL<\/a><\/p>\n<p style=\"text-align: left;\"><a href=\"images\/pdf\/avalassambleistaclubsfetrib2012_2016.pdf\">DOCUMENT PRESENTACI\u00d3 ASAMBLEA CLUBS<\/a><\/p>\n<p>\u00a0<\/p>\n","protected":false},"excerpt":{"rendered":"<p>\u00a0 JUNTA ELECTORAL FEDERACI\u00d3 DE TRIATLO DE LES ILLES BALEARS PROCES ELECTORAL 2012 Data: 29 de Novembre de 2012 La junta electoral, una vegada concl\u00f2s el termini per a presentaci\u00f3 de recursos davant el TBE, i en convocat\u00f2ria d\u2019Assemblea General, dissolta la junta directiva i constitu\u00efda la junta gestora, obre el termini per a la &#8230;<\/p>\n","protected":false},"author":1,"featured_media":0,"comment_status":"open","ping_status":"open","sticky":false,"template":"","format":"standard","meta":{"_uag_custom_page_level_css":"","footnotes":""},"categories":[50],"tags":[],"class_list":["post-170","post","type-post","status-publish","format-standard","hentry","category-elecciones"],"uagb_featured_image_src":{"full":false,"thumbnail":false,"medium":false,"medium_large":false,"large":false,"1536x1536":false,"2048x2048":false,"tie-small":false,"tie-large":false,"slider":false},"uagb_author_info":{"display_name":"admin","author_link":"https:\/\/fetrib.com\/web\/author\/admin\/"},"uagb_comment_info":0,"uagb_excerpt":"\u00a0 JUNTA ELECTORAL FEDERACI\u00d3 DE TRIATLO DE LES ILLES BALEARS PROCES ELECTORAL 2012 Data: 29 de Novembre de 2012 La junta electoral, una vegada concl\u00f2s el termini per a presentaci\u00f3 de recursos davant el TBE, i en convocat\u00f2ria d\u2019Assemblea General, dissolta la junta directiva i constitu\u00efda la junta gestora, obre el termini per a la&hellip;","_links":{"self":[{"href":"https:\/\/fetrib.com\/web\/wp-json\/wp\/v2\/posts\/170","targetHints":{"allow":["GET"]}}],"collection":[{"href":"https:\/\/fetrib.com\/web\/wp-json\/wp\/v2\/posts"}],"about":[{"href":"https:\/\/fetrib.com\/web\/wp-json\/wp\/v2\/types\/post"}],"author":[{"embeddable":true,"href":"https:\/\/fetrib.com\/web\/wp-json\/wp\/v2\/users\/1"}],"replies":[{"embeddable":true,"href":"https:\/\/fetrib.com\/web\/wp-json\/wp\/v2\/comments?post=170"}],"version-history":[{"count":0,"href":"https:\/\/fetrib.com\/web\/wp-json\/wp\/v2\/posts\/170\/revisions"}],"wp:attachment":[{"href":"https:\/\/fetrib.com\/web\/wp-json\/wp\/v2\/media?parent=170"}],"wp:term":[{"taxonomy":"category","embeddable":true,"href":"https:\/\/fetrib.com\/web\/wp-json\/wp\/v2\/categories?post=170"},{"taxonomy":"post_tag","embeddable":true,"href":"https:\/\/fetrib.com\/web\/wp-json\/wp\/v2\/tags?post=170"}],"curies":[{"name":"wp","href":"https:\/\/api.w.org\/{rel}","templated":true}]}}