{"id":1728,"date":"2018-05-10T12:32:21","date_gmt":"2018-05-10T12:32:21","guid":{"rendered":"http:\/\/fetrib.com\/web\/?p=1728"},"modified":"2018-05-21T11:52:12","modified_gmt":"2018-05-21T11:52:12","slug":"criteris-de-seleccio-para-a-la-disputa-del-campionat-despanya-de-triatlo-escolar-i-autonomies-2018","status":"publish","type":"post","link":"https:\/\/fetrib.com\/web\/2018\/05\/10\/criteris-de-seleccio-para-a-la-disputa-del-campionat-despanya-de-triatlo-escolar-i-autonomies-2018\/","title":{"rendered":"Criteris de selecci\u00f3 para a la disputa del Campionat d\u2019Espanya de Triatl\u00f3 escolar i autonomies 2018"},"content":{"rendered":"<p class=\"western\" lang=\"ca-ES\" align=\"justify\">El 30 de juny i 1 de juliol de 2018 es disputar\u00e0 el Campionat d\u2019Espanya de Triatl\u00f3 per Autonomies a la localitat de badajoz.<\/p>\n<p class=\"western\" lang=\"ca-ES\" align=\"justify\">La FETRIB t\u00e9 el prop\u00f2sit de participar amb 6 esportistes masculins i 6 femenins.<\/p>\n<p class=\"western\" lang=\"ca-ES\" align=\"justify\">Obtenen pla\u00e7a directe:<br \/>\n\u2022 Els 2 primers classificats federats\/des amb la FETRIB del Campionat de Balears de Triatlo (Camp de Mar) 20 maig 2018.<br \/>\n\u2022 El primer classificat\/da federat\/da amb la FETRIB del Triatl\u00f3 Sprint d\u2019Andratx a disputar el proper 10 de juny. (en cas de ja estar classificat\/da, passar\u00e0 l\u2019elecci\u00f3 a criteri t\u00e8cnic)<\/p>\n<p class=\"western\" lang=\"ca-ES\" align=\"justify\">Al mateix temps es disputar\u00e0 el Campionat d&#8217;Espanya escolar, on la FETRIB participar\u00e0 amb 4 esportistes masculins i 4 femenins<\/p>\n<p class=\"western\" lang=\"ca-ES\" align=\"justify\">Obtenen pla\u00e7a directe:<br \/>\n\u2022 Els 2 primers classificats federats\/des amb la FETRIB del Campionat de Balears de Triatlo (Camp de Mar) 20 maig 2018.<br \/>\n\u2022 El primer classificat\/da federat\/da amb la FETRIB del Triatl\u00f3 Sprint d\u2019Andratx a disputar el proper 10 de juny. (en cas de ja estar classificat\/da, passar\u00e0 l\u2019elecci\u00f3 a criteri t\u00e8cnic)<\/p>\n<p class=\"western\" lang=\"ca-ES\" align=\"justify\">La resta de places es decidiran a criteri t\u00e8cnic per part de la FETRIB en base als resultats obtinguts a les diverses proves realitzades durant la temporada.<\/p>\n<p class=\"western\" lang=\"ca-ES\" align=\"justify\"><a href=\"http:\/\/fetrib.com\/PDF\/CriterisAbsolutBADAJOZ2018.pdf\">Criteris Absolut<\/a><\/p>\n<p class=\"western\" lang=\"ca-ES\" align=\"justify\"><a href=\"http:\/\/fetrib.com\/PDF\/CriterisEsescolarBADAJOZ2018.pdf\">Criteris Escolar<\/a><\/p>\n","protected":false},"excerpt":{"rendered":"<p>El 30 de juny i 1 de juliol de 2018 es disputar\u00e0 el Campionat d\u2019Espanya de Triatl\u00f3 per Autonomies a la localitat de badajoz. La FETRIB t\u00e9 el prop\u00f2sit de participar amb 6 esportistes masculins i 6 femenins. Obtenen pla\u00e7a directe: \u2022 Els 2 primers classificats federats\/des amb la FETRIB del Campionat de Balears de &#8230;<\/p>\n","protected":false},"author":1,"featured_media":1733,"comment_status":"open","ping_status":"open","sticky":false,"template":"","format":"standard","meta":{"_uag_custom_page_level_css":"","footnotes":""},"categories":[26,28,62,29,1],"tags":[],"class_list":["post-1728","post","type-post","status-publish","format-standard","has-post-thumbnail","hentry","category-comite-competiciones","category-competiciones","category-criteris-seleccio","category-escolar-base","category-general"],"uagb_featured_image_src":{"full":["https:\/\/fetrib.com\/web\/wp-content\/uploads\/2018\/05\/escolar.jpg",800,533,false],"thumbnail":["https:\/\/fetrib.com\/web\/wp-content\/uploads\/2018\/05\/escolar-150x150.jpg",150,150,true],"medium":["https:\/\/fetrib.com\/web\/wp-content\/uploads\/2018\/05\/escolar-300x200.jpg",300,200,true],"medium_large":["https:\/\/fetrib.com\/web\/wp-content\/uploads\/2018\/05\/escolar-768x512.jpg",620,413,true],"large":["https:\/\/fetrib.com\/web\/wp-content\/uploads\/2018\/05\/escolar.jpg",620,413,false],"1536x1536":["https:\/\/fetrib.com\/web\/wp-content\/uploads\/2018\/05\/escolar.jpg",800,533,false],"2048x2048":["https:\/\/fetrib.com\/web\/wp-content\/uploads\/2018\/05\/escolar.jpg",800,533,false],"tie-small":["https:\/\/fetrib.com\/web\/wp-content\/uploads\/2018\/05\/escolar-70x70.jpg",70,70,true],"tie-large":["https:\/\/fetrib.com\/web\/wp-content\/uploads\/2018\/05\/escolar-300x160.jpg",300,160,true],"slider":["https:\/\/fetrib.com\/web\/wp-content\/uploads\/2018\/05\/escolar-620x330.jpg",620,330,true]},"uagb_author_info":{"display_name":"admin","author_link":"https:\/\/fetrib.com\/web\/author\/admin\/"},"uagb_comment_info":0,"uagb_excerpt":"El 30 de juny i 1 de juliol de 2018 es disputar\u00e0 el Campionat d\u2019Espanya de Triatl\u00f3 per Autonomies a la localitat de badajoz. La FETRIB t\u00e9 el prop\u00f2sit de participar amb 6 esportistes masculins i 6 femenins. Obtenen pla\u00e7a directe: \u2022 Els 2 primers classificats federats\/des amb la FETRIB del Campionat de Balears de&hellip;","_links":{"self":[{"href":"https:\/\/fetrib.com\/web\/wp-json\/wp\/v2\/posts\/1728","targetHints":{"allow":["GET"]}}],"collection":[{"href":"https:\/\/fetrib.com\/web\/wp-json\/wp\/v2\/posts"}],"about":[{"href":"https:\/\/fetrib.com\/web\/wp-json\/wp\/v2\/types\/post"}],"author":[{"embeddable":true,"href":"https:\/\/fetrib.com\/web\/wp-json\/wp\/v2\/users\/1"}],"replies":[{"embeddable":true,"href":"https:\/\/fetrib.com\/web\/wp-json\/wp\/v2\/comments?post=1728"}],"version-history":[{"count":2,"href":"https:\/\/fetrib.com\/web\/wp-json\/wp\/v2\/posts\/1728\/revisions"}],"predecessor-version":[{"id":1734,"href":"https:\/\/fetrib.com\/web\/wp-json\/wp\/v2\/posts\/1728\/revisions\/1734"}],"wp:featuredmedia":[{"embeddable":true,"href":"https:\/\/fetrib.com\/web\/wp-json\/wp\/v2\/media\/1733"}],"wp:attachment":[{"href":"https:\/\/fetrib.com\/web\/wp-json\/wp\/v2\/media?parent=1728"}],"wp:term":[{"taxonomy":"category","embeddable":true,"href":"https:\/\/fetrib.com\/web\/wp-json\/wp\/v2\/categories?post=1728"},{"taxonomy":"post_tag","embeddable":true,"href":"https:\/\/fetrib.com\/web\/wp-json\/wp\/v2\/tags?post=1728"}],"curies":[{"name":"wp","href":"https:\/\/api.w.org\/{rel}","templated":true}]}}