{"id":1730,"date":"2018-05-14T12:33:01","date_gmt":"2018-05-14T12:33:01","guid":{"rendered":"http:\/\/fetrib.com\/web\/?p=1730"},"modified":"2018-05-22T10:04:02","modified_gmt":"2018-05-22T10:04:02","slug":"classificats-cts-espanya-elit-2018","status":"publish","type":"post","link":"https:\/\/fetrib.com\/web\/2018\/05\/14\/classificats-cts-espanya-elit-2018\/","title":{"rendered":"Classificats Cts Espanya \u00c8lit 2018"},"content":{"rendered":"<p>Segons la circular 8\/2018 de 20 de gener de la Federaci\u00f3 Espanyola de Triatl\u00f3, s&#8217;assignen 5 places pel Campionat d&#8217;espanya \u00c8lit de cada modalitat per a les Balears en funci\u00f3 de l&#8217;elecci\u00f3 de diverses proves.<\/p>\n<p>Excepte dues proves, s&#8217;ha hagut d&#8217;elegir les proves disputades com a Campionat de Balears de la temporada 2017.<\/p>\n<p><a href=\"http:\/\/fetrib.com\/PDF\/ClassificatsElit2018.pdf\">Llista definitiva<\/a><\/p>\n<p>Aquesta classificaci\u00f3 no suposa la inscripci\u00f3 autom\u00e0tica de l&#8217;esportista. Aquest\u00a0 ha de realitzar-la de forma habitual.<\/p>\n","protected":false},"excerpt":{"rendered":"<p>Segons la circular 8\/2018 de 20 de gener de la Federaci\u00f3 Espanyola de Triatl\u00f3, s&#8217;assignen 5 places pel Campionat d&#8217;espanya \u00c8lit de cada modalitat per a les Balears en funci\u00f3 de l&#8217;elecci\u00f3 de diverses proves. Excepte dues proves, s&#8217;ha hagut d&#8217;elegir les proves disputades com a Campionat de Balears de la temporada 2017. Llista definitiva &#8230;<\/p>\n","protected":false},"author":1,"featured_media":1736,"comment_status":"open","ping_status":"open","sticky":false,"template":"","format":"standard","meta":{"_uag_custom_page_level_css":"","footnotes":""},"categories":[26,28,40],"tags":[],"class_list":["post-1730","post","type-post","status-publish","format-standard","has-post-thumbnail","hentry","category-comite-competiciones","category-competiciones","category-resultados"],"uagb_featured_image_src":{"full":["https:\/\/fetrib.com\/web\/wp-content\/uploads\/2018\/05\/aguilas.jpg",1280,720,false],"thumbnail":["https:\/\/fetrib.com\/web\/wp-content\/uploads\/2018\/05\/aguilas-150x150.jpg",150,150,true],"medium":["https:\/\/fetrib.com\/web\/wp-content\/uploads\/2018\/05\/aguilas-300x169.jpg",300,169,true],"medium_large":["https:\/\/fetrib.com\/web\/wp-content\/uploads\/2018\/05\/aguilas-768x432.jpg",620,349,true],"large":["https:\/\/fetrib.com\/web\/wp-content\/uploads\/2018\/05\/aguilas-1024x576.jpg",620,349,true],"1536x1536":["https:\/\/fetrib.com\/web\/wp-content\/uploads\/2018\/05\/aguilas.jpg",1280,720,false],"2048x2048":["https:\/\/fetrib.com\/web\/wp-content\/uploads\/2018\/05\/aguilas.jpg",1280,720,false],"tie-small":["https:\/\/fetrib.com\/web\/wp-content\/uploads\/2018\/05\/aguilas-70x70.jpg",70,70,true],"tie-large":["https:\/\/fetrib.com\/web\/wp-content\/uploads\/2018\/05\/aguilas-300x160.jpg",300,160,true],"slider":["https:\/\/fetrib.com\/web\/wp-content\/uploads\/2018\/05\/aguilas-620x330.jpg",620,330,true]},"uagb_author_info":{"display_name":"admin","author_link":"https:\/\/fetrib.com\/web\/author\/admin\/"},"uagb_comment_info":0,"uagb_excerpt":"Segons la circular 8\/2018 de 20 de gener de la Federaci\u00f3 Espanyola de Triatl\u00f3, s&#8217;assignen 5 places pel Campionat d&#8217;espanya \u00c8lit de cada modalitat per a les Balears en funci\u00f3 de l&#8217;elecci\u00f3 de diverses proves. Excepte dues proves, s&#8217;ha hagut d&#8217;elegir les proves disputades com a Campionat de Balears de la temporada 2017. Llista definitiva&hellip;","_links":{"self":[{"href":"https:\/\/fetrib.com\/web\/wp-json\/wp\/v2\/posts\/1730","targetHints":{"allow":["GET"]}}],"collection":[{"href":"https:\/\/fetrib.com\/web\/wp-json\/wp\/v2\/posts"}],"about":[{"href":"https:\/\/fetrib.com\/web\/wp-json\/wp\/v2\/types\/post"}],"author":[{"embeddable":true,"href":"https:\/\/fetrib.com\/web\/wp-json\/wp\/v2\/users\/1"}],"replies":[{"embeddable":true,"href":"https:\/\/fetrib.com\/web\/wp-json\/wp\/v2\/comments?post=1730"}],"version-history":[{"count":2,"href":"https:\/\/fetrib.com\/web\/wp-json\/wp\/v2\/posts\/1730\/revisions"}],"predecessor-version":[{"id":1965,"href":"https:\/\/fetrib.com\/web\/wp-json\/wp\/v2\/posts\/1730\/revisions\/1965"}],"wp:featuredmedia":[{"embeddable":true,"href":"https:\/\/fetrib.com\/web\/wp-json\/wp\/v2\/media\/1736"}],"wp:attachment":[{"href":"https:\/\/fetrib.com\/web\/wp-json\/wp\/v2\/media?parent=1730"}],"wp:term":[{"taxonomy":"category","embeddable":true,"href":"https:\/\/fetrib.com\/web\/wp-json\/wp\/v2\/categories?post=1730"},{"taxonomy":"post_tag","embeddable":true,"href":"https:\/\/fetrib.com\/web\/wp-json\/wp\/v2\/tags?post=1730"}],"curies":[{"name":"wp","href":"https:\/\/api.w.org\/{rel}","templated":true}]}}