{"id":185,"date":"2013-01-29T05:31:29","date_gmt":"2013-01-29T05:31:29","guid":{"rendered":"http:\/\/www.fetrib.com\/web2018\/comite-tecnico\/calendario-campeonatos-de-baleares\/"},"modified":"2013-01-29T05:31:29","modified_gmt":"2013-01-29T05:31:29","slug":"calendario-campeonatos-de-baleares","status":"publish","type":"post","link":"https:\/\/fetrib.com\/web\/2013\/01\/29\/calendario-campeonatos-de-baleares\/","title":{"rendered":"CALENDARIO CAMPEONATOS DE BALEARES"},"content":{"rendered":"<p style=\"text-align: center;\"><strong>CALENDARIO CAMPEONATOS DE BALEARES 2013:<\/strong><\/p>\n<p style=\"text-align: center;\">\u00a0<\/p>\n<p style=\"text-align: center;\"><strong>Duatl\u00f3n cross:<\/strong> PORRERES 17 de Febrero.<\/p>\n<p style=\"text-align: center;\"><strong>Duatl\u00f3n de carretera:<\/strong> CAN PICAFORT, 10 Marzo<\/p>\n<p style=\"text-align: center;\">\u00a0<\/p>\n<p style=\"text-align: center;\"><strong>Triatl\u00f3n carretera sprint:<\/strong> ANDRATX, 30 Junio<\/p>\n<p style=\"text-align: center;\"><strong>Triatl\u00f3n carretera ol\u00edmpico:<\/strong> IBIZA, 19 Mayo<\/p>\n<p style=\"text-align: center;\"><strong>Triatl\u00f3n Media distancia<\/strong>: MENORCA , 22 Septiembre<\/p>\n<p style=\"text-align: center;\"><span style=\"line-height: 1.3em;\"><strong>Triatl\u00f3n cross:<\/strong> SANT ELM. 11 Agosto<\/span><\/p>\n<p style=\"text-align: center;\">\u00a0<\/p>\n<p style=\"text-align: center;\"><span style=\"line-height: 1.3em;\"><strong>Acuatl\u00f3n: <\/strong>IBIZA, 28 Abril<\/span><\/p>\n<p style=\"text-align: center;\">\u00a0<\/p>\n<p style=\"text-align: center;\">Pod\u00e9is\u00a0consultar el Calendario Nacional <a href=\"http:\/\/triatlon.org\/web\/calendario_13.asp\">AQUI<\/a><\/p>\n","protected":false},"excerpt":{"rendered":"<p>CALENDARIO CAMPEONATOS DE BALEARES 2013: \u00a0 Duatl\u00f3n cross: PORRERES 17 de Febrero. Duatl\u00f3n de carretera: CAN PICAFORT, 10 Marzo \u00a0 Triatl\u00f3n carretera sprint: ANDRATX, 30 Junio Triatl\u00f3n carretera ol\u00edmpico: IBIZA, 19 Mayo Triatl\u00f3n Media distancia: MENORCA , 22 Septiembre Triatl\u00f3n cross: SANT ELM. 11 Agosto \u00a0 Acuatl\u00f3n: IBIZA, 28 Abril \u00a0 Pod\u00e9is\u00a0consultar el Calendario Nacional &#8230;<\/p>\n","protected":false},"author":1,"featured_media":0,"comment_status":"open","ping_status":"open","sticky":false,"template":"","format":"standard","meta":{"_uag_custom_page_level_css":"","footnotes":""},"categories":[27],"tags":[],"class_list":["post-185","post","type-post","status-publish","format-standard","hentry","category-comite-tecnico"],"uagb_featured_image_src":{"full":false,"thumbnail":false,"medium":false,"medium_large":false,"large":false,"1536x1536":false,"2048x2048":false,"tie-small":false,"tie-large":false,"slider":false},"uagb_author_info":{"display_name":"admin","author_link":"https:\/\/fetrib.com\/web\/author\/admin\/"},"uagb_comment_info":0,"uagb_excerpt":"CALENDARIO CAMPEONATOS DE BALEARES 2013: \u00a0 Duatl\u00f3n cross: PORRERES 17 de Febrero. Duatl\u00f3n de carretera: CAN PICAFORT, 10 Marzo \u00a0 Triatl\u00f3n carretera sprint: ANDRATX, 30 Junio Triatl\u00f3n carretera ol\u00edmpico: IBIZA, 19 Mayo Triatl\u00f3n Media distancia: MENORCA , 22 Septiembre Triatl\u00f3n cross: SANT ELM. 11 Agosto \u00a0 Acuatl\u00f3n: IBIZA, 28 Abril \u00a0 Pod\u00e9is\u00a0consultar el Calendario Nacional&hellip;","_links":{"self":[{"href":"https:\/\/fetrib.com\/web\/wp-json\/wp\/v2\/posts\/185","targetHints":{"allow":["GET"]}}],"collection":[{"href":"https:\/\/fetrib.com\/web\/wp-json\/wp\/v2\/posts"}],"about":[{"href":"https:\/\/fetrib.com\/web\/wp-json\/wp\/v2\/types\/post"}],"author":[{"embeddable":true,"href":"https:\/\/fetrib.com\/web\/wp-json\/wp\/v2\/users\/1"}],"replies":[{"embeddable":true,"href":"https:\/\/fetrib.com\/web\/wp-json\/wp\/v2\/comments?post=185"}],"version-history":[{"count":0,"href":"https:\/\/fetrib.com\/web\/wp-json\/wp\/v2\/posts\/185\/revisions"}],"wp:attachment":[{"href":"https:\/\/fetrib.com\/web\/wp-json\/wp\/v2\/media?parent=185"}],"wp:term":[{"taxonomy":"category","embeddable":true,"href":"https:\/\/fetrib.com\/web\/wp-json\/wp\/v2\/categories?post=185"},{"taxonomy":"post_tag","embeddable":true,"href":"https:\/\/fetrib.com\/web\/wp-json\/wp\/v2\/tags?post=185"}],"curies":[{"name":"wp","href":"https:\/\/api.w.org\/{rel}","templated":true}]}}