{"id":186,"date":"2013-01-29T06:00:03","date_gmt":"2013-01-29T06:00:03","guid":{"rendered":"http:\/\/www.fetrib.com\/web2018\/escolar-base\/condiciones-y-documentacion-esport-base\/"},"modified":"2013-01-29T06:00:03","modified_gmt":"2013-01-29T06:00:03","slug":"condiciones-y-documentacion-esport-base","status":"publish","type":"post","link":"https:\/\/fetrib.com\/web\/2013\/01\/29\/condiciones-y-documentacion-esport-base\/","title":{"rendered":"CONDICIONES Y DOCUMENTACI\u00d3N ESPORT BASE"},"content":{"rendered":"<p><p class=\"Textbody\" style=\"margin-bottom: 14.15pt;\"><span style=\"font-size: 11.0pt; font-family: &quot;Arial&quot;,&quot;sans-serif&quot;; mso-bidi-font-family: Mangal;\">Hola a tothom! Comen\u00e7am la temporada 2013 amb l&#8217;esborrany del calendari de proves que est\u00e0 previst en el conveni que la Federaci\u00f3 ha de signar amb el Consell de Mallorca.<\/span><\/p>\n<p class=\"Textbody\" style=\"margin-bottom: 14.15pt;\"><span style=\"font-size: 11.0pt; font-family: &quot;Arial&quot;,&quot;sans-serif&quot;; mso-bidi-font-family: Mangal;\">Qualsevol prova que es faci fora d&#8217;aquest calendari <strong>NO<\/strong> estar\u00e0 coberta per la p\u00f2lissa d&#8217;asseguran\u00e7a PREBAL en cas d&#8217;accident.<\/span><\/p>\n<p class=\"Textbody\" style=\"margin-bottom: 14.15pt;\"><strong><span style=\"font-size: 11.0pt; font-family: &quot;Arial&quot;,&quot;sans-serif&quot;; mso-bidi-font-family: Mangal;\">DOCUMENTACI\u00d3:<\/span><\/strong><\/p>\n<p class=\"Textbody\" style=\"margin-bottom: 2.85pt;\"><span style=\"font-size: 11.0pt; font-family: &quot;Arial&quot;,&quot;sans-serif&quot;; mso-bidi-font-family: Mangal;\"><a href=\"images\/pdf\/pdes.pdf\">Les condicions de l&#8217;asseguran\u00e7a escolar.<\/a><\/span><\/p>\n<p class=\"Textbody\" style=\"margin-bottom: 2.85pt;\"><span style=\"font-size: 11.0pt; font-family: &quot;Arial&quot;,&quot;sans-serif&quot;; mso-bidi-font-family: Mangal;\"><a href=\"images\/pdf\/centresmedicsprebal.pdf\">La llista dels centres m\u00e8dics.<\/a><\/span><\/p>\n<p class=\"Textbody\" style=\"margin-bottom: 2.85pt;\"><span style=\"font-size: 11.0pt; font-family: &quot;Arial&quot;,&quot;sans-serif&quot;; mso-bidi-font-family: Mangal;\"><a href=\"images\/pdf\/certificatprebal.pdf\">El certificat d&#8217;asseguran\u00e7a que el Consell de Mallorca t\u00e9 amb la m\u00fatua PREBAL.<\/a><\/span><\/p>\n<p class=\"Textbody\" style=\"margin-bottom: 2.85pt;\"><span style=\"font-size: 11.0pt; font-family: &quot;Arial&quot;,&quot;sans-serif&quot;; mso-bidi-font-family: Mangal;\"><a href=\"images\/pdf\/polissaesportfederat.pdf\">Les condicions de la p\u00f2lissa d&#8217;asseguran\u00e7a<\/a><\/span><\/p>\n<p class=\"Textbody\" style=\"margin-bottom: 2.85pt;\"><span style=\"font-size: 11.0pt; font-family: &quot;Arial&quot;,&quot;sans-serif&quot;; mso-bidi-font-family: Mangal;\"><a href=\"images\/pdf\/fullinscripciolligaunificadaambprevbal.pdf\">El full d&#8217;inscripci\u00f3<\/a><\/span><\/p>\n<p class=\"Textbody\" style=\"margin-bottom: 2.85pt;\"><span style=\"font-size: 11.0pt; font-family: &quot;Arial&quot;,&quot;sans-serif&quot;; mso-bidi-font-family: Mangal;\"><\/p>\n<p> <strong>VOS DEMAN QUE:<\/strong><\/p>\n<p> 1.- Faceu l&#8217;ingr\u00e9s dels 20 \u20ac per a cada esportista en el compte de la Federaci\u00f3:<\/span><\/p>\n<p class=\"Textbody\" style=\"margin-bottom: 11.35pt;\"><span style=\"font-size: 11.0pt; font-family: &quot;Arial&quot;,&quot;sans-serif&quot;; mso-bidi-font-family: Mangal;\"> <span class=\"StrongEmphasis\"><span style=\"color: #112544;\">LA CAIXA n\u00fam. 2100-0972-93-0200196541<\/span><\/span><br \/> 2.- Envieu un e-mail amb el full d&#8217;inscripci\u00f3 dels infants que han pagat la fitxa escolar i una c\u00f2pia de l&#8217;ingr\u00e8s fet en el banc a aquesta adre\u00e7a electr\u00f2nica: <\/span><a href=\"mailto:cativi@terra.es\"><strong><span style=\"font-size: 11pt; font-family: Arial, sans-serif; color: windowtext;\">cativi@terra.es<\/span><\/strong><\/a><strong><span style=\"font-size: 11.0pt; font-family: &quot;Arial&quot;,&quot;sans-serif&quot;; mso-bidi-font-family: Mangal;\">.<\/span><\/strong><\/p>\n<p class=\"Textbody\" style=\"margin-bottom: 2.85pt;\"><span style=\"font-size: 11.0pt; font-family: &quot;Arial&quot;,&quot;sans-serif&quot;; mso-bidi-font-family: Mangal;\"> <\/span><\/p>\n<p class=\"Textbody\" style=\"margin-bottom: 14.15pt;\"><strong><span style=\"font-size: 11.0pt; font-family: &quot;Arial&quot;,&quot;sans-serif&quot;; mso-bidi-font-family: Mangal;\">EN REBRE LA CONFIRMACI\u00d3 DEL VOSTRE INGR\u00c8S:<\/span><\/strong><span style=\"font-size: 11.0pt; font-family: &quot;Arial&quot;,&quot;sans-serif&quot;; mso-bidi-font-family: Mangal;\"><br \/> 3.- Far\u00e9 l&#8217;ingr\u00e9s dels <strong>7 \u20ac AL BANC<\/strong> per assegurar tots els infants que inclogui el vostre full d&#8217;inscripci\u00f3.<br \/> 4.- Vos lliurar\u00e9 c\u00f2pia del resguard de l&#8217;ingr\u00e8s perqu\u00e8 ho tengueu en compte a l&#8217;hora d&#8217;organitzar la revisi\u00f3 m\u00e8dica.<\/span><\/p>\n<p class=\"Textbody\" style=\"margin-bottom: 14.15pt;\"><span style=\"font-size: 11.0pt; font-family: &quot;Arial&quot;,&quot;sans-serif&quot;; mso-bidi-font-family: Mangal;\">\u00c9S IMPRESCINDIBLE QUE ELS INFANTS ESTIGUIN ASSEGURATS!<\/span><\/p>\n<p class=\"Textbody\" style=\"margin-bottom: 14.15pt;\"><span style=\"font-size: 11.0pt; font-family: &quot;Arial&quot;,&quot;sans-serif&quot;; mso-bidi-font-family: Mangal;\"><strong>LA QUOTA INCLOU:<\/strong><\/span><\/p>\n<p class=\"Textbody\" style=\"margin-bottom: 14.15pt;\">\u00a0<\/p>\n<p class=\"Textbody\" style=\"margin-bottom: 14.15pt;\">\n<p class=\"Textbody\" style=\"margin-bottom: 14.15pt;\"><strong><span style=\"font-size: 11pt; font-family: Arial, sans-serif; color: black;\">*<\/span><\/strong><span style=\"font-size: 11pt; font-family: Arial, sans-serif; color: black;\">Asseguran\u00e7a que inclou la revisi\u00f3 m\u00e8dica del Servei de Medicina de l&#8217;Esport.<strong><\/strong><\/span><\/p>\n<p class=\"Textbody\" style=\"margin-bottom: 14.15pt;\"><span style=\"font-size: 11pt; font-family: Arial, sans-serif; color: black;\">*Dorsal \u00fanic (demanarem duplicat perque sovint el perden o se&#8217;ls romp durant la temporada)<\/span><span style=\"font-size: 11pt; font-family: Arial, sans-serif;\"><\/span><\/p>\n<p class=\"Textbody\" style=\"margin-bottom: 14.15pt;\"><span style=\"font-size: 11pt; font-family: Arial, sans-serif; color: black;\">*Cinta per al dorsal i gorro de nataci\u00f3.<\/span><\/p>\n<p class=\"Textbody\" style=\"margin-bottom: 14.15pt;\"><span style=\"font-size: 11pt; font-family: Arial, sans-serif; color: black;\">*Medalles i\/o obsequis<\/span><\/p>\n<p class=\"Textbody\" style=\"margin-bottom: 14.15pt;\"><span style=\"font-size: 11pt; font-family: Arial, sans-serif; color: black;\">*Previsi\u00f3 de competicions: 5 duatlons, 5 triatlons, 3 aquatlons, 3 cl\u00ednics<\/span><\/p>\n<p class=\"Textbody\" style=\"margin-bottom: 14.15pt;\">\u00a0<\/p>\n<p class=\"Textbody\" style=\"margin-bottom: 14.15pt;\">\n<p class=\"Textbody\" style=\"margin-bottom: 14.15pt;\"><strong><span style=\"font-size: 11.0pt; font-family: &quot;Arial&quot;,&quot;sans-serif&quot;; mso-bidi-font-family: Mangal;\">LA DATA M\u00c0XIMA PER HAVER FET L&#8217;INGR\u00c8S I ENVIAR-ME LA DOCUMENTACI\u00d3 \u00c9S DIUMENGE DIA 3 DE FEBRER.<\/span><\/strong><span style=\"font-size: 11.0pt; font-family: &quot;Arial&quot;,&quot;sans-serif&quot;; mso-bidi-font-family: Mangal;\"><\/span><\/p>\n<p class=\"Textbody\" style=\"margin-bottom: 14.15pt;\"><strong><span style=\"font-size: 11.0pt; font-family: &quot;Arial&quot;,&quot;sans-serif&quot;; mso-bidi-font-family: Mangal;\">Els qui no ho facin abans d&#8217;aquesta data hauran de tramitar l&#8217;asseguran\u00e7a i la fitxa pel seu compte i presentar el comprovant dels ingressos abans de la competici\u00f3.<\/span><\/strong><span style=\"font-size: 11.0pt; font-family: &quot;Arial&quot;,&quot;sans-serif&quot;; mso-bidi-font-family: Mangal;\"><\/span><\/p>\n<p class=\"Textbody\" style=\"margin-bottom: 14.15pt;\"><strong><span style=\"font-size: 11.0pt; font-family: &quot;Arial&quot;,&quot;sans-serif&quot;; mso-bidi-font-family: Mangal;\">AQUEST ANY NO PODR\u00c0 COMPETIR CAP INFANT QUE NO ESTIGUI ASSEGURAT<\/span><\/strong><span style=\"font-size: 11.0pt; font-family: &quot;Arial&quot;,&quot;sans-serif&quot;; mso-bidi-font-family: Mangal;\"><\/span><\/p>\n<p class=\"Textbody\" style=\"margin-bottom: 14.15pt;\"><strong><span style=\"font-size: 11.0pt; font-family: &quot;Arial&quot;,&quot;sans-serif&quot;; mso-bidi-font-family: Mangal;\">NO HI HAUR\u00c0 LA POSSIBILITAT DE PAGAR L&#8217;ASSEGURAN\u00c7A EL MATEIX DIA DE LA COMPETICI\u00d3.<\/span><\/strong><span style=\"font-size: 11.0pt; font-family: &quot;Arial&quot;,&quot;sans-serif&quot;; mso-bidi-font-family: Mangal;\"><\/span><\/p>\n<\/p>\n<p class=\"Textbody\" style=\"margin-bottom: 14.15pt;\"><img loading=\"lazy\" decoding=\"async\" src=\"file:\/\/\/C:\\Users\\David\\AppData\\Local\\Temp\\msohtmlclip1\\01\\clip_image001.gif\" border=\"0\" alt=\"Cuadro de texto: LA DATA M\u00c0XIMA PER HAVER FET L'INGR\u00c8S I ENVIAR-ME LA DOCUMENTACI\u00d3 \u00c9S DIUMENGE DIA 3 DE FEBRER. Els qui no ho facin abans d'aquesta data hauran de tramitar l'asseguran\u00e7a i la fitxa pel seu compte i presentar el comprovant dels ingressos abans de la competici\u00f3. AQUEST ANY NO PODR\u00c0 COMPETIR CAP INFANT QUE NO ESTIGUI ASSEGURAT NO HI HAUR\u00c0 LA POSSIBILITAT DE PAGAR L'ASSEGURAN\u00c7A EL MATEIX DIA DE LA COMPETICI\u00d3. \" hspace=\"12\" width=\"752\" height=\"190\" align=\"left\" \/><\/p>\n<p class=\"Textbody\" style=\"margin-bottom: 14.15pt;\">\u00a0<\/p><\/p>\n","protected":false},"excerpt":{"rendered":"<p>Hola a tothom! Comen\u00e7am la temporada 2013 amb l&#8217;esborrany del calendari de proves que est\u00e0 previst en el conveni que la Federaci\u00f3 ha de signar amb el Consell de Mallorca. Qualsevol prova que es faci fora d&#8217;aquest calendari NO estar\u00e0 coberta per la p\u00f2lissa d&#8217;asseguran\u00e7a PREBAL en cas d&#8217;accident. DOCUMENTACI\u00d3: Les condicions de l&#8217;asseguran\u00e7a escolar. &#8230;<\/p>\n","protected":false},"author":1,"featured_media":0,"comment_status":"open","ping_status":"open","sticky":false,"template":"","format":"standard","meta":{"_uag_custom_page_level_css":"","footnotes":""},"categories":[29],"tags":[],"class_list":["post-186","post","type-post","status-publish","format-standard","hentry","category-escolar-base"],"uagb_featured_image_src":{"full":false,"thumbnail":false,"medium":false,"medium_large":false,"large":false,"1536x1536":false,"2048x2048":false,"tie-small":false,"tie-large":false,"slider":false},"uagb_author_info":{"display_name":"admin","author_link":"https:\/\/fetrib.com\/web\/author\/admin\/"},"uagb_comment_info":0,"uagb_excerpt":"Hola a tothom! Comen\u00e7am la temporada 2013 amb l&#8217;esborrany del calendari de proves que est\u00e0 previst en el conveni que la Federaci\u00f3 ha de signar amb el Consell de Mallorca. Qualsevol prova que es faci fora d&#8217;aquest calendari NO estar\u00e0 coberta per la p\u00f2lissa d&#8217;asseguran\u00e7a PREBAL en cas d&#8217;accident. DOCUMENTACI\u00d3: Les condicions de l&#8217;asseguran\u00e7a escolar.&hellip;","_links":{"self":[{"href":"https:\/\/fetrib.com\/web\/wp-json\/wp\/v2\/posts\/186","targetHints":{"allow":["GET"]}}],"collection":[{"href":"https:\/\/fetrib.com\/web\/wp-json\/wp\/v2\/posts"}],"about":[{"href":"https:\/\/fetrib.com\/web\/wp-json\/wp\/v2\/types\/post"}],"author":[{"embeddable":true,"href":"https:\/\/fetrib.com\/web\/wp-json\/wp\/v2\/users\/1"}],"replies":[{"embeddable":true,"href":"https:\/\/fetrib.com\/web\/wp-json\/wp\/v2\/comments?post=186"}],"version-history":[{"count":0,"href":"https:\/\/fetrib.com\/web\/wp-json\/wp\/v2\/posts\/186\/revisions"}],"wp:attachment":[{"href":"https:\/\/fetrib.com\/web\/wp-json\/wp\/v2\/media?parent=186"}],"wp:term":[{"taxonomy":"category","embeddable":true,"href":"https:\/\/fetrib.com\/web\/wp-json\/wp\/v2\/categories?post=186"},{"taxonomy":"post_tag","embeddable":true,"href":"https:\/\/fetrib.com\/web\/wp-json\/wp\/v2\/tags?post=186"}],"curies":[{"name":"wp","href":"https:\/\/api.w.org\/{rel}","templated":true}]}}