{"id":188,"date":"2013-02-07T19:46:43","date_gmt":"2013-02-07T19:46:43","guid":{"rendered":"http:\/\/www.fetrib.com\/web2018\/proceso-electoral-2012\/elecciones\/proclamacio-definitiva-dassembleistes\/"},"modified":"2013-02-07T19:46:43","modified_gmt":"2013-02-07T19:46:43","slug":"proclamacio-definitiva-dassembleistes","status":"publish","type":"post","link":"https:\/\/fetrib.com\/web\/2013\/02\/07\/proclamacio-definitiva-dassembleistes\/","title":{"rendered":"PROCLAMACI\u00d3 DEFINITIVA D\u2019ASSEMBLEISTES"},"content":{"rendered":"<p>\u00a0<\/p>\n<p class=\"MsoNormal\" style=\"margin-bottom: .0001pt; line-height: normal; mso-layout-grid-align: none; text-autospace: none;\">JUNTA ELECTORAL FEDERACI\u00d3 DE TRIATLO DE LES ILLES BALEARS<\/p>\n<p class=\"MsoNormal\" style=\"margin-bottom: .0001pt; line-height: normal; mso-layout-grid-align: none; text-autospace: none;\">PROCES ELECTORAL 2012<\/p>\n<p class=\"MsoNormal\" style=\"margin-bottom: .0001pt; line-height: normal; mso-layout-grid-align: none; text-autospace: none;\">PROCLAMACI\u00d3 DEFINITIVA D\u2019ASSEMBLEISTES<\/p>\n<p class=\"MsoNormal\" style=\"margin-bottom: .0001pt; line-height: normal; mso-layout-grid-align: none; text-autospace: none;\">Data: 07 de febrer de 2013<\/p>\n<p class=\"MsoNormal\" style=\"margin-bottom: .0001pt; line-height: normal; mso-layout-grid-align: none; text-autospace: none;\">La junta electoral: una vegada transcorregut el termini per a la presentaci\u00f3 de reclamacions i recursos, a la proclamaci\u00f3 provisional d\u2019assembleistes, i sense haver-ne rebut cap, proclama definitivament com a membres de l\u2019assemblea de la Federaci\u00f3 de Triatl\u00f3 de les Illes Balears, els seg\u00fcents:<\/p>\n<p class=\"MsoNormal\" style=\"margin-bottom: .0001pt; line-height: normal; mso-layout-grid-align: none; text-autospace: none;\">Clubs per Mallorca (als seus representants):<\/p>\n<p class=\"MsoNormal\" style=\"margin-bottom: .0001pt; line-height: normal; mso-layout-grid-align: none; text-autospace: none;\"><span lang=\"EN-US\">1.-TRIBOMBERS<\/span><\/p>\n<p class=\"MsoNormal\" style=\"margin-bottom: .0001pt; line-height: normal; mso-layout-grid-align: none; text-autospace: none;\"><span lang=\"EN-US\">2.-GYMNAPOLIS<\/span><\/p>\n<p class=\"MsoNormal\" style=\"margin-bottom: .0001pt; line-height: normal; mso-layout-grid-align: none; text-autospace: none;\"><span lang=\"EN-US\">3.-CLUB AIGUA ESPORT ARTA<\/span><\/p>\n<p class=\"MsoNormal\" style=\"margin-bottom: .0001pt; line-height: normal; mso-layout-grid-align: none; text-autospace: none;\">4.-C.N. LLUCMAJOR<\/p>\n<p class=\"MsoNormal\" style=\"margin-bottom: .0001pt; line-height: normal; mso-layout-grid-align: none; text-autospace: none;\">5.-TRI ATS.SOM<\/p>\n<p class=\"MsoNormal\" style=\"margin-bottom: .0001pt; line-height: normal; mso-layout-grid-align: none; text-autospace: none;\">6.-TRIATLO PORTOCOLOM<\/p>\n<p class=\"MsoNormal\" style=\"margin-bottom: .0001pt; line-height: normal; mso-layout-grid-align: none; text-autospace: none;\">7.-GE S&#8217;ESCAPADA<\/p>\n<p class=\"MsoNormal\" style=\"margin-bottom: .0001pt; line-height: normal; mso-layout-grid-align: none; text-autospace: none;\">Clubs per Menorca (al seu representant):<\/p>\n<p class=\"MsoNormal\" style=\"margin-bottom: .0001pt; line-height: normal; mso-layout-grid-align: none; text-autospace: none;\"><span lang=\"EN-US\">1.-CLUB ESPORTIU SANT LLUIS<\/span><\/p>\n<p class=\"MsoNormal\" style=\"margin-bottom: .0001pt; line-height: normal; mso-layout-grid-align: none; text-autospace: none;\"><span lang=\"EN-US\"> <\/span><\/p>\n<p class=\"MsoNormal\" style=\"margin-bottom: .0001pt; line-height: normal; mso-layout-grid-align: none; text-autospace: none;\"><span lang=\"EN-US\">Clubs per Eivissa(al seu representant):<\/span><\/p>\n<p class=\"MsoNormal\" style=\"margin-bottom: .0001pt; line-height: normal; mso-layout-grid-align: none; text-autospace: none;\"><span lang=\"EN-US\">1.-CLUB ESPORTIU MASTER TEAM<\/span><\/p>\n<p class=\"MsoNormal\" style=\"margin-bottom: .0001pt; line-height: normal; mso-layout-grid-align: none; text-autospace: none;\"><span lang=\"EN-US\"> <\/span><\/p>\n<p class=\"MsoNormal\" style=\"margin-bottom: .0001pt; line-height: normal; mso-layout-grid-align: none; text-autospace: none;\">Esportistes per Mallorca:<\/p>\n<p class=\"MsoNormal\" style=\"margin-bottom: .0001pt; line-height: normal; mso-layout-grid-align: none; text-autospace: none;\">1.-COLOM IGNASI<\/p>\n<p class=\"MsoNormal\" style=\"margin-bottom: .0001pt; line-height: normal; mso-layout-grid-align: none; text-autospace: none;\">2.-GARCIA ALBERTO<\/p>\n<p class=\"MsoNormal\" style=\"margin-bottom: .0001pt; line-height: normal; mso-layout-grid-align: none; text-autospace: none;\">3.-GARCIA SANCHEZ ABILIO<\/p>\n<p class=\"MsoNormal\" style=\"margin-bottom: .0001pt; line-height: normal; mso-layout-grid-align: none; text-autospace: none;\">4.-LARES FRANCO JOSE<\/p>\n<p class=\"MsoNormal\" style=\"margin-bottom: .0001pt; line-height: normal; mso-layout-grid-align: none; text-autospace: none;\">5.-MARIN MABAN FRANCISCO<\/p>\n<p class=\"MsoNormal\" style=\"margin-bottom: .0001pt; line-height: normal; mso-layout-grid-align: none; text-autospace: none;\">Esportistes per Menorca:<\/p>\n<p class=\"MsoNormal\" style=\"margin-bottom: .0001pt; line-height: normal; mso-layout-grid-align: none; text-autospace: none;\"><span lang=\"EN-US\">1.-GONYALONS PEREZ GUILLEM<\/span><\/p>\n<p class=\"MsoNormal\" style=\"margin-bottom: .0001pt; line-height: normal; mso-layout-grid-align: none; text-autospace: none;\"><span lang=\"EN-US\"> <\/span><\/p>\n<p class=\"MsoNormal\" style=\"margin-bottom: .0001pt; line-height: normal; mso-layout-grid-align: none; text-autospace: none;\"><span lang=\"EN-US\">Esportistes per Eivissa:<\/span><\/p>\n<p class=\"MsoNormal\" style=\"margin-bottom: .0001pt; line-height: normal; mso-layout-grid-align: none; text-autospace: none;\"><span lang=\"EN-US\">1.-LUCAS MARTINEZ JOSE<\/span><\/p>\n<p class=\"MsoNormal\" style=\"margin-bottom: .0001pt; line-height: normal; mso-layout-grid-align: none; text-autospace: none;\"><span lang=\"EN-US\"> <\/span><\/p>\n<p class=\"MsoNormal\" style=\"margin-bottom: .0001pt; line-height: normal; mso-layout-grid-align: none; text-autospace: none;\"><span lang=\"EN-US\">Jutges per Mallorca:<\/span><\/p>\n<p class=\"MsoNormal\" style=\"margin-bottom: .0001pt; line-height: normal; mso-layout-grid-align: none; text-autospace: none;\"><span lang=\"EN-US\">1.-BONNIN FUSTER FRANCESC<\/span><\/p>\n<p class=\"MsoNormal\" style=\"margin-bottom: .0001pt; line-height: normal; mso-layout-grid-align: none; text-autospace: none;\"><span lang=\"EN-US\">2.-MARTI ANTICH JAUME<\/span><\/p>\n<p class=\"MsoNormal\" style=\"margin-bottom: .0001pt; line-height: normal; mso-layout-grid-align: none; text-autospace: none;\"><span lang=\"EN-US\"> <\/span><\/p>\n<p class=\"MsoNormal\" style=\"margin-bottom: .0001pt; line-height: normal; mso-layout-grid-align: none; text-autospace: none;\"><span lang=\"EN-US\">T\u00e8cnics per Mallorca:<\/span><\/p>\n<p class=\"MsoNormal\" style=\"margin-bottom: .0001pt; line-height: normal; mso-layout-grid-align: none; text-autospace: none;\">1.-ATIENZA MOLINA DAVID<\/p>\n<p class=\"MsoNormal\" style=\"margin-bottom: .0001pt; line-height: normal; mso-layout-grid-align: none; text-autospace: none;\">2.-NOGUERA VIDAL JOAN<\/p>\n<p class=\"MsoNormal\" style=\"margin-bottom: 0.0001pt; line-height: normal; text-align: center;\"><a href=\"images\/pdf\/doc18publicaciodefinitivaassembleistes.pdf\">documento aqu\u00ed<\/a><\/p>\n<p class=\"MsoNormal\" style=\"margin-bottom: .0001pt; line-height: normal; mso-layout-grid-align: none; text-autospace: none;\">\u00a0<\/p>\n<p class=\"MsoNormal\">A Palma 07\/02\/2013<\/p>\n<p>\u00a0<\/p>\n","protected":false},"excerpt":{"rendered":"<p>\u00a0 JUNTA ELECTORAL FEDERACI\u00d3 DE TRIATLO DE LES ILLES BALEARS PROCES ELECTORAL 2012 PROCLAMACI\u00d3 DEFINITIVA D\u2019ASSEMBLEISTES Data: 07 de febrer de 2013 La junta electoral: una vegada transcorregut el termini per a la presentaci\u00f3 de reclamacions i recursos, a la proclamaci\u00f3 provisional d\u2019assembleistes, i sense haver-ne rebut cap, proclama definitivament com a membres de l\u2019assemblea &#8230;<\/p>\n","protected":false},"author":1,"featured_media":0,"comment_status":"open","ping_status":"open","sticky":false,"template":"","format":"standard","meta":{"_uag_custom_page_level_css":"","footnotes":""},"categories":[50],"tags":[],"class_list":["post-188","post","type-post","status-publish","format-standard","hentry","category-elecciones"],"uagb_featured_image_src":{"full":false,"thumbnail":false,"medium":false,"medium_large":false,"large":false,"1536x1536":false,"2048x2048":false,"tie-small":false,"tie-large":false,"slider":false},"uagb_author_info":{"display_name":"admin","author_link":"https:\/\/fetrib.com\/web\/author\/admin\/"},"uagb_comment_info":0,"uagb_excerpt":"\u00a0 JUNTA ELECTORAL FEDERACI\u00d3 DE TRIATLO DE LES ILLES BALEARS PROCES ELECTORAL 2012 PROCLAMACI\u00d3 DEFINITIVA D\u2019ASSEMBLEISTES Data: 07 de febrer de 2013 La junta electoral: una vegada transcorregut el termini per a la presentaci\u00f3 de reclamacions i recursos, a la proclamaci\u00f3 provisional d\u2019assembleistes, i sense haver-ne rebut cap, proclama definitivament com a membres de l\u2019assemblea&hellip;","_links":{"self":[{"href":"https:\/\/fetrib.com\/web\/wp-json\/wp\/v2\/posts\/188","targetHints":{"allow":["GET"]}}],"collection":[{"href":"https:\/\/fetrib.com\/web\/wp-json\/wp\/v2\/posts"}],"about":[{"href":"https:\/\/fetrib.com\/web\/wp-json\/wp\/v2\/types\/post"}],"author":[{"embeddable":true,"href":"https:\/\/fetrib.com\/web\/wp-json\/wp\/v2\/users\/1"}],"replies":[{"embeddable":true,"href":"https:\/\/fetrib.com\/web\/wp-json\/wp\/v2\/comments?post=188"}],"version-history":[{"count":0,"href":"https:\/\/fetrib.com\/web\/wp-json\/wp\/v2\/posts\/188\/revisions"}],"wp:attachment":[{"href":"https:\/\/fetrib.com\/web\/wp-json\/wp\/v2\/media?parent=188"}],"wp:term":[{"taxonomy":"category","embeddable":true,"href":"https:\/\/fetrib.com\/web\/wp-json\/wp\/v2\/categories?post=188"},{"taxonomy":"post_tag","embeddable":true,"href":"https:\/\/fetrib.com\/web\/wp-json\/wp\/v2\/tags?post=188"}],"curies":[{"name":"wp","href":"https:\/\/api.w.org\/{rel}","templated":true}]}}