{"id":194,"date":"2013-02-11T09:41:42","date_gmt":"2013-02-11T09:41:42","guid":{"rendered":"http:\/\/www.fetrib.com\/web2018\/proceso-electoral-2012\/elecciones\/convocatoria-asamblea-general-23-de-marzo\/"},"modified":"2013-02-11T09:41:42","modified_gmt":"2013-02-11T09:41:42","slug":"convocatoria-asamblea-general-23-de-marzo","status":"publish","type":"post","link":"https:\/\/fetrib.com\/web\/2013\/02\/11\/convocatoria-asamblea-general-23-de-marzo\/","title":{"rendered":"CONVOCATORIA ASAMBLEA GENERAL 23 DE MARZO"},"content":{"rendered":"<p><p class=\"MsoNormal\" style=\"margin-bottom: .0001pt; line-height: normal; mso-layout-grid-align: none; text-autospace: none;\"><span style=\"font-size: 10.0pt; mso-bidi-font-family: Calibri;\">JUNTA ELECTORAL FEDERACI\u00d3 DE TRIATLO DE LES ILLES BALEARS<\/span><\/p>\n<p class=\"MsoNormal\" style=\"margin-bottom: .0001pt; line-height: normal; mso-layout-grid-align: none; text-autospace: none;\"><span style=\"font-size: 10.0pt; mso-bidi-font-family: Calibri;\">PROCES ELECTORAL 2012<\/span><\/p>\n<p class=\"MsoNormal\" style=\"margin-bottom: .0001pt; line-height: normal; mso-layout-grid-align: none; text-autospace: none;\"><span style=\"font-size: 10.0pt; mso-bidi-font-family: Calibri;\">CONVOCATORIA ASSEMBLEA GENERAL.<\/span><\/p>\n<p class=\"MsoNormal\" style=\"margin-bottom: .0001pt; line-height: normal; mso-layout-grid-align: none; text-autospace: none;\"><span style=\"font-size: 10.0pt; mso-bidi-font-family: Calibri;\"> <\/span><\/p>\n<p class=\"MsoNormal\" style=\"margin-bottom: .0001pt; line-height: normal; mso-layout-grid-align: none; text-autospace: none;\"><span style=\"font-size: 10.0pt; mso-bidi-font-family: Calibri;\">Data: 09 de febrer de 2013<\/span><\/p>\n<p class=\"MsoNormal\" style=\"margin-bottom: .0001pt; line-height: normal; mso-layout-grid-align: none; text-autospace: none;\"><span style=\"font-size: 10.0pt; mso-bidi-font-family: Calibri;\">La junta electoral: Es convoca l\u2019assemblea General Extraordin\u00e0ria per a l\u2019elecci\u00f3 de president a<\/span><\/p>\n<p class=\"MsoNormal\" style=\"margin-bottom: .0001pt; line-height: normal; mso-layout-grid-align: none; text-autospace: none;\"><span style=\"font-size: 10.0pt; mso-bidi-font-family: Calibri;\">la Federaci\u00f3 de Triatl\u00f3 de les Illes Balears, que tindr\u00e0 lloc el <\/span><strong><span style=\"font-size: 10.0pt; mso-bidi-font-family: &quot;Calibri\\,Bold&quot;;\">dia 23 de mar\u00e7, a les 12:00, a la<\/span><\/strong><\/p>\n<p class=\"MsoNormal\" style=\"margin-bottom: .0001pt; line-height: normal; mso-layout-grid-align: none; text-autospace: none;\"><strong><span style=\"font-size: 10.0pt; mso-bidi-font-family: &quot;Calibri\\,Bold&quot;;\">seu de la Federaci\u00f3<\/span><\/strong><span style=\"font-size: 10.0pt; mso-bidi-font-family: Calibri;\">, Vel\u00f2drom Palma Arena, Avda Uruguay S\/N<\/span><\/p>\n<p class=\"MsoNormal\" style=\"margin-bottom: .0001pt; line-height: normal; mso-layout-grid-align: none; text-autospace: none;\"><span style=\"font-size: 10.0pt; mso-bidi-font-family: Calibri;\"> <\/span><\/p>\n<p class=\"MsoNormal\" style=\"margin-bottom: .0001pt; line-height: normal; mso-layout-grid-align: none; text-autospace: none;\"><span style=\"font-size: 10.0pt; mso-bidi-font-family: Calibri;\">Aix\u00ed mateix, s\u2019obre el termini per a la presentaci\u00f3 de candidatures a president.<\/span><\/p>\n<p class=\"MsoNormal\" style=\"margin-bottom: .0001pt; line-height: normal; mso-layout-grid-align: none; text-autospace: none;\"><span style=\"font-size: 10.0pt; mso-bidi-font-family: Calibri;\">Tal i com queda establert en el calendari electoral, el termini per a la presentaci\u00f3 de<\/span><\/p>\n<p class=\"MsoNormal\" style=\"margin-bottom: .0001pt; line-height: normal; mso-layout-grid-align: none; text-autospace: none;\"><span style=\"font-size: 10.0pt; mso-bidi-font-family: Calibri;\">candidatures es de 15 dies naturals, desde el dia d\u2019avui:<\/span><\/p>\n<p class=\"MsoNormal\" style=\"margin-bottom: .0001pt; line-height: normal; mso-layout-grid-align: none; text-autospace: none;\"><span style=\"font-size: 10.0pt; mso-bidi-font-family: Calibri;\"> <\/span><\/p>\n<p class=\"MsoNormal\" style=\"margin-bottom: .0001pt; line-height: normal; mso-layout-grid-align: none; text-autospace: none;\"><span style=\"font-size: 10.0pt; mso-bidi-font-family: Calibri;\">Inici del termini: 09\/02\/2013<\/span><\/p>\n<p class=\"MsoNormal\" style=\"margin-bottom: .0001pt; line-height: normal; mso-layout-grid-align: none; text-autospace: none;\"><span style=\"font-size: 10.0pt; mso-bidi-font-family: Calibri;\">Finalitzaci\u00f3 del termini: 23\/02\/2013<\/span><\/p>\n<p class=\"MsoNormal\" style=\"margin-bottom: .0001pt; line-height: normal; mso-layout-grid-align: none; text-autospace: none;\"><span style=\"font-size: 10.0pt; mso-bidi-font-family: Calibri;\"> <\/span><\/p>\n<p class=\"MsoNormal\" style=\"margin-bottom: .0001pt; line-height: normal; mso-layout-grid-align: none; text-autospace: none;\"><span style=\"font-size: 10.0pt; mso-bidi-font-family: Calibri;\">La presentaci\u00f3 de candidatures, s\u2019haur\u00e0 de fer mitjan\u00e7ant els models publicats per la DGE, i<\/span><\/p>\n<p class=\"MsoNormal\" style=\"margin-bottom: .0001pt; line-height: normal; mso-layout-grid-align: none; text-autospace: none;\"><span style=\"font-size: 10.0pt; mso-bidi-font-family: Calibri;\">que s\u2019adjunten amb aquest comunicat.<\/span><\/p>\n<p class=\"MsoNormal\" style=\"margin-bottom: .0001pt; line-height: normal; mso-layout-grid-align: none; text-autospace: none;\"><span style=\"font-size: 10.0pt; mso-bidi-font-family: Calibri;\">La presentaci\u00f3 de les candidatures s\u2019ha d\u2019adre\u00e7ar a:<\/span><\/p>\n<p class=\"MsoNormal\" style=\"margin-bottom: .0001pt; line-height: normal; mso-layout-grid-align: none; text-autospace: none;\"><span style=\"font-size: 10.0pt; mso-bidi-font-family: Calibri;\">Francesc Bonnin Fuster<\/span><\/p>\n<p class=\"MsoNormal\" style=\"margin-bottom: .0001pt; line-height: normal; mso-layout-grid-align: none; text-autospace: none;\"><span style=\"font-size: 10.0pt; mso-bidi-font-family: Calibri;\">President de la Junta electoral<\/span><\/p>\n<p class=\"MsoNormal\" style=\"margin-bottom: .0001pt; line-height: normal; mso-layout-grid-align: none; text-autospace: none;\"><span style=\"font-size: 10.0pt; mso-bidi-font-family: Calibri;\">Avda. Constituci\u00f3, 64 2\u00ba1\u00aa<\/span><\/p>\n<p class=\"MsoNormal\" style=\"margin-bottom: .0001pt; line-height: normal; mso-layout-grid-align: none; text-autospace: none;\"><span style=\"font-size: 10.0pt; mso-bidi-font-family: Calibri;\">07340 Alar\u00f3<\/span><\/p>\n<p class=\"MsoNormal\" style=\"margin-bottom: .0001pt; line-height: normal; mso-layout-grid-align: none; text-autospace: none;\"><span style=\"font-size: 10.0pt; mso-bidi-font-family: Calibri;\">La presentaci\u00f3 es pot du a terme per correu certificat, o presencialment en horari de<\/span><\/p>\n<p class=\"MsoNormal\" style=\"margin-bottom: .0001pt; line-height: normal; mso-layout-grid-align: none; text-autospace: none;\"><span style=\"font-size: 10.0pt; mso-bidi-font-family: Calibri;\">demat\u00ed.(Es recomana concretar amb el president de la junta electoral la presentaci\u00f3 dels<\/span><\/p>\n<p class=\"MsoNormal\" style=\"margin-bottom: .0001pt; line-height: normal; mso-layout-grid-align: none; text-autospace: none;\"><span style=\"font-size: 10.0pt; mso-bidi-font-family: Calibri;\">avals).<\/span><\/p>\n<p class=\"MsoNormal\" style=\"margin-bottom: .0001pt; line-height: normal; mso-layout-grid-align: none; text-autospace: none;\"><span style=\"font-size: 10.0pt; mso-bidi-font-family: Calibri;\">Els documents de presentaci\u00f3 de candidatura, amb les signatures corresponents, han de ser<\/span><\/p>\n<p class=\"MsoNormal\" style=\"margin-bottom: .0001pt; line-height: normal; mso-layout-grid-align: none; text-autospace: none;\"><span style=\"font-size: 10.0pt; mso-bidi-font-family: Calibri;\">originals.<\/span><\/p>\n<p class=\"MsoNormal\" style=\"margin-bottom: .0001pt; line-height: normal; mso-layout-grid-align: none; text-autospace: none;\"><span style=\"font-size: 10.0pt; mso-bidi-font-family: Calibri;\">A Palma 09\/02\/2013<\/span><\/p>\n<p class=\"MsoNormal\"><span style=\"font-size: 10.0pt; line-height: 115%; mso-bidi-font-family: Calibri;\">La Junta Electoral<\/span><\/p>\n<p class=\"MsoNormal\">\u00a0<\/p>\n<p class=\"MsoNormal\"><span style=\"font-size: 10.0pt; line-height: 115%; mso-bidi-font-family: Calibri;\"><a href=\"images\/pdf\/doc19convocatoriaassembleageneral.pdf\">DOCUMENTO CONVOCATORIA ASAMBLEA<\/a><\/span><\/p>\n<p class=\"MsoNormal\"><span style=\"font-size: 10.0pt; line-height: 115%; mso-bidi-font-family: Calibri;\"><a href=\"images\/pdf\/modelavalpresident.pdf\">DOCUMENTO MODELO AVAL PRESIDENTE<\/a><\/span><\/p><\/p>\n","protected":false},"excerpt":{"rendered":"<p>JUNTA ELECTORAL FEDERACI\u00d3 DE TRIATLO DE LES ILLES BALEARS PROCES ELECTORAL 2012 CONVOCATORIA ASSEMBLEA GENERAL. Data: 09 de febrer de 2013 La junta electoral: Es convoca l\u2019assemblea General Extraordin\u00e0ria per a l\u2019elecci\u00f3 de president a la Federaci\u00f3 de Triatl\u00f3 de les Illes Balears, que tindr\u00e0 lloc el dia 23 de mar\u00e7, a les 12:00, a &#8230;<\/p>\n","protected":false},"author":1,"featured_media":0,"comment_status":"open","ping_status":"open","sticky":false,"template":"","format":"standard","meta":{"_uag_custom_page_level_css":"","footnotes":""},"categories":[50],"tags":[],"class_list":["post-194","post","type-post","status-publish","format-standard","hentry","category-elecciones"],"uagb_featured_image_src":{"full":false,"thumbnail":false,"medium":false,"medium_large":false,"large":false,"1536x1536":false,"2048x2048":false,"tie-small":false,"tie-large":false,"slider":false},"uagb_author_info":{"display_name":"admin","author_link":"https:\/\/fetrib.com\/web\/author\/admin\/"},"uagb_comment_info":0,"uagb_excerpt":"JUNTA ELECTORAL FEDERACI\u00d3 DE TRIATLO DE LES ILLES BALEARS PROCES ELECTORAL 2012 CONVOCATORIA ASSEMBLEA GENERAL. Data: 09 de febrer de 2013 La junta electoral: Es convoca l\u2019assemblea General Extraordin\u00e0ria per a l\u2019elecci\u00f3 de president a la Federaci\u00f3 de Triatl\u00f3 de les Illes Balears, que tindr\u00e0 lloc el dia 23 de mar\u00e7, a les 12:00, a&hellip;","_links":{"self":[{"href":"https:\/\/fetrib.com\/web\/wp-json\/wp\/v2\/posts\/194","targetHints":{"allow":["GET"]}}],"collection":[{"href":"https:\/\/fetrib.com\/web\/wp-json\/wp\/v2\/posts"}],"about":[{"href":"https:\/\/fetrib.com\/web\/wp-json\/wp\/v2\/types\/post"}],"author":[{"embeddable":true,"href":"https:\/\/fetrib.com\/web\/wp-json\/wp\/v2\/users\/1"}],"replies":[{"embeddable":true,"href":"https:\/\/fetrib.com\/web\/wp-json\/wp\/v2\/comments?post=194"}],"version-history":[{"count":0,"href":"https:\/\/fetrib.com\/web\/wp-json\/wp\/v2\/posts\/194\/revisions"}],"wp:attachment":[{"href":"https:\/\/fetrib.com\/web\/wp-json\/wp\/v2\/media?parent=194"}],"wp:term":[{"taxonomy":"category","embeddable":true,"href":"https:\/\/fetrib.com\/web\/wp-json\/wp\/v2\/categories?post=194"},{"taxonomy":"post_tag","embeddable":true,"href":"https:\/\/fetrib.com\/web\/wp-json\/wp\/v2\/tags?post=194"}],"curies":[{"name":"wp","href":"https:\/\/api.w.org\/{rel}","templated":true}]}}