{"id":1960,"date":"2018-05-22T09:54:15","date_gmt":"2018-05-22T09:54:15","guid":{"rendered":"http:\/\/fetrib.com\/web\/?p=1960"},"modified":"2018-05-22T10:13:09","modified_gmt":"2018-05-22T10:13:09","slug":"campeonato-de-baleares-triatlon-sprint-2018","status":"publish","type":"post","link":"https:\/\/fetrib.com\/web\/2018\/05\/22\/campeonato-de-baleares-triatlon-sprint-2018\/","title":{"rendered":"Campeonato de Baleares Triatl\u00f3n Sprint 2018"},"content":{"rendered":"<div class=\"mceTemp\"><\/div>\n<p><img loading=\"lazy\" decoding=\"async\" class=\"alignnone size-full wp-image-1962\" src=\"http:\/\/fetrib.com\/web\/wp-content\/uploads\/2018\/05\/campdemar2018.jpg\" alt=\"\" width=\"923\" height=\"453\" srcset=\"https:\/\/fetrib.com\/web\/wp-content\/uploads\/2018\/05\/campdemar2018.jpg 923w, https:\/\/fetrib.com\/web\/wp-content\/uploads\/2018\/05\/campdemar2018-300x147.jpg 300w, https:\/\/fetrib.com\/web\/wp-content\/uploads\/2018\/05\/campdemar2018-768x377.jpg 768w\" sizes=\"auto, (max-width: 923px) 100vw, 923px\" \/><\/p>\n<p>La Federaci\u00f3 de Triatl\u00f3 de les Illes Balears junto con la colaboraci\u00f3n del Ayuntamiento de Andratx han llevado a cabo la organizaci\u00f3n de la puesta en juego del t\u00edtulo balear en Camp de Mar,Andratx, 20 a\u00f1os despu\u00e9s de la primera edici\u00f3n en la misma localidad pero sobre unos circuitos in\u00e9ditos.<\/p>\n<p>Lucas Mola y Gemma Llabr\u00e9s se llevan el t\u00edtulo balear 2018 dando espect\u00e1culo liderando la prueba de principio a fin.<\/p>\n<p>El podium masculino lo ha completado Biel Forteza segundo y Guillem Soler tercero. En f\u00e9minas Carol Sitjes finaliz\u00f3 segunda y Ana Soler tercera.<br \/>\nPor categor\u00edas los t\u00edtulos fueron para Rafel Adrover y Ana Montoro en cadetes, \u00c1lvaro Sagrado y Ana Soler en Juniors, Josep Miquel Oliver y Gemma Llabr\u00e9s en sub 23, Ivan Mu\u00f1oz y Dolores Fern\u00e1ndez en vet1, Pedro Pou en vet2 y Pep Pi\u00f1a vet3.<br \/>\nPor clubs el t\u00edtulo balear fue para en CNLlucmajor por delante del Ferrer Hotels,segundos y Xtrem Calvia terceros.<\/p>\n<p><a href=\"http:\/\/fetrib.com\/PDF\/proves\/ResutatsCampdeMar.pdf\">Clasificaci\u00f3n<\/a><\/p>\n<p><img loading=\"lazy\" decoding=\"async\" class=\"size-full wp-image-1961\" src=\"http:\/\/fetrib.com\/web\/wp-content\/uploads\/2018\/05\/Tricampdemar2018.jpg\" alt=\"\" width=\"3022\" height=\"1164\" srcset=\"https:\/\/fetrib.com\/web\/wp-content\/uploads\/2018\/05\/Tricampdemar2018.jpg 3022w, https:\/\/fetrib.com\/web\/wp-content\/uploads\/2018\/05\/Tricampdemar2018-300x116.jpg 300w, https:\/\/fetrib.com\/web\/wp-content\/uploads\/2018\/05\/Tricampdemar2018-768x296.jpg 768w, https:\/\/fetrib.com\/web\/wp-content\/uploads\/2018\/05\/Tricampdemar2018-1024x394.jpg 1024w\" sizes=\"auto, (max-width: 3022px) 100vw, 3022px\" \/><\/p>\n","protected":false},"excerpt":{"rendered":"<p>La Federaci\u00f3 de Triatl\u00f3 de les Illes Balears junto con la colaboraci\u00f3n del Ayuntamiento de Andratx han llevado a cabo la organizaci\u00f3n de la puesta en juego del t\u00edtulo balear en Camp de Mar,Andratx, 20 a\u00f1os despu\u00e9s de la primera edici\u00f3n en la misma localidad pero sobre unos circuitos in\u00e9ditos. Lucas Mola y Gemma Llabr\u00e9s &#8230;<\/p>\n","protected":false},"author":1,"featured_media":1962,"comment_status":"open","ping_status":"open","sticky":false,"template":"","format":"standard","meta":{"_uag_custom_page_level_css":"","footnotes":""},"categories":[28,40],"tags":[],"class_list":["post-1960","post","type-post","status-publish","format-standard","has-post-thumbnail","hentry","category-competiciones","category-resultados"],"uagb_featured_image_src":{"full":["https:\/\/fetrib.com\/web\/wp-content\/uploads\/2018\/05\/campdemar2018.jpg",923,453,false],"thumbnail":["https:\/\/fetrib.com\/web\/wp-content\/uploads\/2018\/05\/campdemar2018-150x150.jpg",150,150,true],"medium":["https:\/\/fetrib.com\/web\/wp-content\/uploads\/2018\/05\/campdemar2018-300x147.jpg",300,147,true],"medium_large":["https:\/\/fetrib.com\/web\/wp-content\/uploads\/2018\/05\/campdemar2018-768x377.jpg",620,304,true],"large":["https:\/\/fetrib.com\/web\/wp-content\/uploads\/2018\/05\/campdemar2018.jpg",620,304,false],"1536x1536":["https:\/\/fetrib.com\/web\/wp-content\/uploads\/2018\/05\/campdemar2018.jpg",923,453,false],"2048x2048":["https:\/\/fetrib.com\/web\/wp-content\/uploads\/2018\/05\/campdemar2018.jpg",923,453,false],"tie-small":["https:\/\/fetrib.com\/web\/wp-content\/uploads\/2018\/05\/campdemar2018-70x70.jpg",70,70,true],"tie-large":["https:\/\/fetrib.com\/web\/wp-content\/uploads\/2018\/05\/campdemar2018-300x160.jpg",300,160,true],"slider":["https:\/\/fetrib.com\/web\/wp-content\/uploads\/2018\/05\/campdemar2018-620x330.jpg",620,330,true]},"uagb_author_info":{"display_name":"admin","author_link":"https:\/\/fetrib.com\/web\/author\/admin\/"},"uagb_comment_info":0,"uagb_excerpt":"La Federaci\u00f3 de Triatl\u00f3 de les Illes Balears junto con la colaboraci\u00f3n del Ayuntamiento de Andratx han llevado a cabo la organizaci\u00f3n de la puesta en juego del t\u00edtulo balear en Camp de Mar,Andratx, 20 a\u00f1os despu\u00e9s de la primera edici\u00f3n en la misma localidad pero sobre unos circuitos in\u00e9ditos. Lucas Mola y Gemma Llabr\u00e9s&hellip;","_links":{"self":[{"href":"https:\/\/fetrib.com\/web\/wp-json\/wp\/v2\/posts\/1960","targetHints":{"allow":["GET"]}}],"collection":[{"href":"https:\/\/fetrib.com\/web\/wp-json\/wp\/v2\/posts"}],"about":[{"href":"https:\/\/fetrib.com\/web\/wp-json\/wp\/v2\/types\/post"}],"author":[{"embeddable":true,"href":"https:\/\/fetrib.com\/web\/wp-json\/wp\/v2\/users\/1"}],"replies":[{"embeddable":true,"href":"https:\/\/fetrib.com\/web\/wp-json\/wp\/v2\/comments?post=1960"}],"version-history":[{"count":2,"href":"https:\/\/fetrib.com\/web\/wp-json\/wp\/v2\/posts\/1960\/revisions"}],"predecessor-version":[{"id":1964,"href":"https:\/\/fetrib.com\/web\/wp-json\/wp\/v2\/posts\/1960\/revisions\/1964"}],"wp:featuredmedia":[{"embeddable":true,"href":"https:\/\/fetrib.com\/web\/wp-json\/wp\/v2\/media\/1962"}],"wp:attachment":[{"href":"https:\/\/fetrib.com\/web\/wp-json\/wp\/v2\/media?parent=1960"}],"wp:term":[{"taxonomy":"category","embeddable":true,"href":"https:\/\/fetrib.com\/web\/wp-json\/wp\/v2\/categories?post=1960"},{"taxonomy":"post_tag","embeddable":true,"href":"https:\/\/fetrib.com\/web\/wp-json\/wp\/v2\/tags?post=1960"}],"curies":[{"name":"wp","href":"https:\/\/api.w.org\/{rel}","templated":true}]}}