{"id":1987,"date":"2018-05-22T10:54:06","date_gmt":"2018-05-22T10:54:06","guid":{"rendered":"http:\/\/fetrib.com\/web\/?p=1987"},"modified":"2018-05-22T11:01:56","modified_gmt":"2018-05-22T11:01:56","slug":"actualitzacio-resultats-lliga-supertri-2018","status":"publish","type":"post","link":"https:\/\/fetrib.com\/web\/2018\/05\/22\/actualitzacio-resultats-lliga-supertri-2018\/","title":{"rendered":"Actualitzaci\u00f3 resultats Lliga SuperTri 2018"},"content":{"rendered":"<p>Recentment s&#8217;han disputat dues proves m\u00e9s del calendari SuperTri 2018 d&#8217;esport base.<\/p>\n<p>El passat 22 d&#8217;abril, el duatl\u00f3 cross de Marratx\u00ed acollia una prova \u00edntegrament drigida a l&#8217;esport base.<\/p>\n<p>M\u00e9s de 80 nins i nines de entre 5 i 14 anys, disfrutarent d&#8217;un exigent circuit de duatl\u00f3.<\/p>\n<p><a href=\"http:\/\/www.fetrib.com\/PDF\/proves\/CLASSIFICACIO%20camp%20de%20mar%202018%20ESPORT%20BASE.pdf\">Classificaci\u00f3<\/a><\/p>\n<p>El Campionat de Balears de triatl\u00f3 disputat a Camp de Mar tamb\u00e9 servir per a que els m\u00e9s petits disfrutassin de l&#8217;esport.<\/p>\n<p>Les aig\u00fces cristalines de la platja de Camp de Mar, foren l&#8217;escenari ideal per veure com les categories m\u00e9s petites, prebenjam\u00ed, benjam\u00ed, alev\u00ed i infantil disputaven un aquatl\u00f3 en format nataci\u00f3-correr, adaptant les dist\u00e0ncies a cada una de les categories.<\/p>\n<p><img loading=\"lazy\" decoding=\"async\" class=\"alignnone size-full wp-image-1988\" src=\"http:\/\/fetrib.com\/web\/wp-content\/uploads\/2018\/05\/IMG-20180520-WA0005.jpg\" alt=\"\" width=\"1600\" height=\"1200\" srcset=\"https:\/\/fetrib.com\/web\/wp-content\/uploads\/2018\/05\/IMG-20180520-WA0005.jpg 1600w, https:\/\/fetrib.com\/web\/wp-content\/uploads\/2018\/05\/IMG-20180520-WA0005-300x225.jpg 300w, https:\/\/fetrib.com\/web\/wp-content\/uploads\/2018\/05\/IMG-20180520-WA0005-768x576.jpg 768w, https:\/\/fetrib.com\/web\/wp-content\/uploads\/2018\/05\/IMG-20180520-WA0005-1024x768.jpg 1024w\" sizes=\"auto, (max-width: 1600px) 100vw, 1600px\" \/><\/p>\n<p><a href=\"ftp:\/\/www.fetrib.com\/PDF\/proves\/CLASSIFICACIO%20camp%20de%20mar%202018%20ESPORT%20BASE.pdf\">classificaci\u00f3 Aquatl\u00f3 Camp de Mar<\/a><\/p>\n<p><a href=\"http:\/\/www.fetrib.com\/PDF\/proves\/CLASSIFICACIO%20SUPERTRI%202018%20ESPORT%20BASE.pdf\">Classificaci\u00f3 Lliga Supertri 2018<\/a><\/p>\n<p>&nbsp;<\/p>\n","protected":false},"excerpt":{"rendered":"<p>Recentment s&#8217;han disputat dues proves m\u00e9s del calendari SuperTri 2018 d&#8217;esport base. El passat 22 d&#8217;abril, el duatl\u00f3 cross de Marratx\u00ed acollia una prova \u00edntegrament drigida a l&#8217;esport base. M\u00e9s de 80 nins i nines de entre 5 i 14 anys, disfrutarent d&#8217;un exigent circuit de duatl\u00f3. Classificaci\u00f3 El Campionat de Balears de triatl\u00f3 disputat &#8230;<\/p>\n","protected":false},"author":1,"featured_media":1989,"comment_status":"open","ping_status":"open","sticky":false,"template":"","format":"standard","meta":{"_uag_custom_page_level_css":"","footnotes":""},"categories":[29,40],"tags":[],"class_list":["post-1987","post","type-post","status-publish","format-standard","has-post-thumbnail","hentry","category-escolar-base","category-resultados"],"uagb_featured_image_src":{"full":["https:\/\/fetrib.com\/web\/wp-content\/uploads\/2018\/05\/duatlonCrossMarratxi2018-8.jpg",1600,1066,false],"thumbnail":["https:\/\/fetrib.com\/web\/wp-content\/uploads\/2018\/05\/duatlonCrossMarratxi2018-8-150x150.jpg",150,150,true],"medium":["https:\/\/fetrib.com\/web\/wp-content\/uploads\/2018\/05\/duatlonCrossMarratxi2018-8-300x200.jpg",300,200,true],"medium_large":["https:\/\/fetrib.com\/web\/wp-content\/uploads\/2018\/05\/duatlonCrossMarratxi2018-8-768x512.jpg",620,413,true],"large":["https:\/\/fetrib.com\/web\/wp-content\/uploads\/2018\/05\/duatlonCrossMarratxi2018-8-1024x682.jpg",620,413,true],"1536x1536":["https:\/\/fetrib.com\/web\/wp-content\/uploads\/2018\/05\/duatlonCrossMarratxi2018-8.jpg",1536,1023,false],"2048x2048":["https:\/\/fetrib.com\/web\/wp-content\/uploads\/2018\/05\/duatlonCrossMarratxi2018-8.jpg",1600,1066,false],"tie-small":["https:\/\/fetrib.com\/web\/wp-content\/uploads\/2018\/05\/duatlonCrossMarratxi2018-8-70x70.jpg",70,70,true],"tie-large":["https:\/\/fetrib.com\/web\/wp-content\/uploads\/2018\/05\/duatlonCrossMarratxi2018-8-300x160.jpg",300,160,true],"slider":["https:\/\/fetrib.com\/web\/wp-content\/uploads\/2018\/05\/duatlonCrossMarratxi2018-8-620x330.jpg",620,330,true]},"uagb_author_info":{"display_name":"admin","author_link":"https:\/\/fetrib.com\/web\/author\/admin\/"},"uagb_comment_info":0,"uagb_excerpt":"Recentment s&#8217;han disputat dues proves m\u00e9s del calendari SuperTri 2018 d&#8217;esport base. El passat 22 d&#8217;abril, el duatl\u00f3 cross de Marratx\u00ed acollia una prova \u00edntegrament drigida a l&#8217;esport base. M\u00e9s de 80 nins i nines de entre 5 i 14 anys, disfrutarent d&#8217;un exigent circuit de duatl\u00f3. Classificaci\u00f3 El Campionat de Balears de triatl\u00f3 disputat&hellip;","_links":{"self":[{"href":"https:\/\/fetrib.com\/web\/wp-json\/wp\/v2\/posts\/1987","targetHints":{"allow":["GET"]}}],"collection":[{"href":"https:\/\/fetrib.com\/web\/wp-json\/wp\/v2\/posts"}],"about":[{"href":"https:\/\/fetrib.com\/web\/wp-json\/wp\/v2\/types\/post"}],"author":[{"embeddable":true,"href":"https:\/\/fetrib.com\/web\/wp-json\/wp\/v2\/users\/1"}],"replies":[{"embeddable":true,"href":"https:\/\/fetrib.com\/web\/wp-json\/wp\/v2\/comments?post=1987"}],"version-history":[{"count":4,"href":"https:\/\/fetrib.com\/web\/wp-json\/wp\/v2\/posts\/1987\/revisions"}],"predecessor-version":[{"id":1996,"href":"https:\/\/fetrib.com\/web\/wp-json\/wp\/v2\/posts\/1987\/revisions\/1996"}],"wp:featuredmedia":[{"embeddable":true,"href":"https:\/\/fetrib.com\/web\/wp-json\/wp\/v2\/media\/1989"}],"wp:attachment":[{"href":"https:\/\/fetrib.com\/web\/wp-json\/wp\/v2\/media?parent=1987"}],"wp:term":[{"taxonomy":"category","embeddable":true,"href":"https:\/\/fetrib.com\/web\/wp-json\/wp\/v2\/categories?post=1987"},{"taxonomy":"post_tag","embeddable":true,"href":"https:\/\/fetrib.com\/web\/wp-json\/wp\/v2\/tags?post=1987"}],"curies":[{"name":"wp","href":"https:\/\/api.w.org\/{rel}","templated":true}]}}