{"id":201,"date":"2013-03-18T07:19:05","date_gmt":"2013-03-18T07:19:05","guid":{"rendered":"http:\/\/www.fetrib.com\/web2018\/proceso-electoral-2012\/elecciones\/proclamacio-president\/"},"modified":"2013-03-18T07:19:05","modified_gmt":"2013-03-18T07:19:05","slug":"proclamacio-president","status":"publish","type":"post","link":"https:\/\/fetrib.com\/web\/2013\/03\/18\/proclamacio-president\/","title":{"rendered":"PROCLAMACI\u00d3 PRESIDENT"},"content":{"rendered":"<p><p class=\"MsoNormal\" style=\"margin-bottom: .0001pt; line-height: normal; mso-layout-grid-align: none; text-autospace: none;\">JUNTA ELECTORAL FEDERACI\u00d3 DE TRIATLO DE LES ILLES BALEARS<\/p>\n<p class=\"MsoNormal\" style=\"margin-bottom: .0001pt; line-height: normal; mso-layout-grid-align: none; text-autospace: none;\">PROCES ELECTORAL 2012<\/p>\n<p class=\"MsoNormal\" style=\"margin-bottom: .0001pt; line-height: normal; mso-layout-grid-align: none; text-autospace: none;\">CANDIDATURES A PRESIDENT<\/p>\n<p class=\"MsoNormal\" style=\"margin-bottom: .0001pt; line-height: normal; mso-layout-grid-align: none; text-autospace: none;\">\u00a0<\/p>\n<p class=\"MsoNormal\" style=\"margin-bottom: .0001pt; line-height: normal; mso-layout-grid-align: none; text-autospace: none;\">Acta PROCLAMACI\u00d3 DE PRESIDENT<\/p>\n<p class=\"MsoNormal\" style=\"margin-bottom: .0001pt; line-height: normal; mso-layout-grid-align: none; text-autospace: none;\">Data: 13 de MAR\u00c7 de 2013<\/p>\n<p class=\"MsoNormal\" style=\"margin-bottom: .0001pt; line-height: normal; mso-layout-grid-align: none; text-autospace: none;\">\u00a0<\/p>\n<p class=\"MsoNormal\" style=\"margin-bottom: .0001pt; line-height: normal; mso-layout-grid-align: none; text-autospace: none;\">Una vegada rebudes les contestacions del T.B.E. en relaci\u00f3 als recursos presentats en el proc\u00e9s<\/p>\n<p class=\"MsoNormal\" style=\"margin-bottom: .0001pt; line-height: normal; mso-layout-grid-align: none; text-autospace: none;\">de presentaci\u00f3 de candidatures a president de la Federaci\u00f3 de Triatl\u00f3 de les Illes Balears,<\/p>\n<p class=\"MsoNormal\" style=\"margin-bottom: .0001pt; line-height: normal; mso-layout-grid-align: none; text-autospace: none;\">Queda admesa com a \u00fanica candidatura v\u00e0lida, la de:<\/p>\n<p class=\"MsoNormal\" style=\"margin-bottom: .0001pt; line-height: normal; mso-layout-grid-align: none; text-autospace: none;\">\u00a0<\/p>\n<p class=\"MsoNormal\" style=\"margin-bottom: .0001pt; text-align: center; line-height: normal; mso-layout-grid-align: none; text-autospace: none;\" align=\"center\">D. Abilio Garcia Sanchez.<\/p>\n<p class=\"MsoNormal\" style=\"margin-bottom: .0001pt; text-align: center; line-height: normal; mso-layout-grid-align: none; text-autospace: none;\" align=\"center\">\u00a0<\/p>\n<p class=\"MsoNormal\" style=\"margin-bottom: .0001pt; line-height: normal; mso-layout-grid-align: none; text-autospace: none;\">D\u2019acord amb l\u2019article 21 del decret 86\/2008, no es necessari l\u2019acte de votaci\u00f3 a president, per<\/p>\n<p class=\"MsoNormal\" style=\"margin-bottom: .0001pt; line-height: normal; mso-layout-grid-align: none; text-autospace: none;\">la qual cosa, no es convoca assemblea extraordin\u00e0ria.<\/p>\n<p class=\"MsoNormal\" style=\"margin-bottom: .0001pt; line-height: normal; mso-layout-grid-align: none; text-autospace: none;\">Queda proclamat president de la Federaci\u00f3 de Triatl\u00f3 de les Illes Balears, D. Abilio Garcia<\/p>\n<p class=\"MsoNormal\" style=\"margin-bottom: .0001pt; line-height: normal; mso-layout-grid-align: none; text-autospace: none;\">Sanchez, pendent de la ratificaci\u00f3 per part de la DGE.<\/p>\n<p class=\"MsoNormal\" style=\"margin-bottom: .0001pt; line-height: normal; mso-layout-grid-align: none; text-autospace: none;\">La junta electoral, comunicar\u00e0 aquest fet a la Direcci\u00f3 General d\u2019Esports, per tal de continuar<\/p>\n<p class=\"MsoNormal\" style=\"margin-bottom: .0001pt; line-height: normal; mso-layout-grid-align: none; text-autospace: none;\">amb la tramitaci\u00f3 del proc\u00e9s electoral.<\/p>\n<p class=\"MsoNormal\" style=\"margin-bottom: .0001pt; line-height: normal; mso-layout-grid-align: none; text-autospace: none;\">A Palma 13\/03\/2013<\/p>\n<p class=\"MsoNormal\">La Junta Electoral<\/p><\/p>\n","protected":false},"excerpt":{"rendered":"<p>JUNTA ELECTORAL FEDERACI\u00d3 DE TRIATLO DE LES ILLES BALEARS PROCES ELECTORAL 2012 CANDIDATURES A PRESIDENT \u00a0 Acta PROCLAMACI\u00d3 DE PRESIDENT Data: 13 de MAR\u00c7 de 2013 \u00a0 Una vegada rebudes les contestacions del T.B.E. en relaci\u00f3 als recursos presentats en el proc\u00e9s de presentaci\u00f3 de candidatures a president de la Federaci\u00f3 de Triatl\u00f3 de les &#8230;<\/p>\n","protected":false},"author":1,"featured_media":0,"comment_status":"open","ping_status":"open","sticky":false,"template":"","format":"standard","meta":{"_uag_custom_page_level_css":"","footnotes":""},"categories":[50],"tags":[],"class_list":["post-201","post","type-post","status-publish","format-standard","hentry","category-elecciones"],"uagb_featured_image_src":{"full":false,"thumbnail":false,"medium":false,"medium_large":false,"large":false,"1536x1536":false,"2048x2048":false,"tie-small":false,"tie-large":false,"slider":false},"uagb_author_info":{"display_name":"admin","author_link":"https:\/\/fetrib.com\/web\/author\/admin\/"},"uagb_comment_info":0,"uagb_excerpt":"JUNTA ELECTORAL FEDERACI\u00d3 DE TRIATLO DE LES ILLES BALEARS PROCES ELECTORAL 2012 CANDIDATURES A PRESIDENT \u00a0 Acta PROCLAMACI\u00d3 DE PRESIDENT Data: 13 de MAR\u00c7 de 2013 \u00a0 Una vegada rebudes les contestacions del T.B.E. en relaci\u00f3 als recursos presentats en el proc\u00e9s de presentaci\u00f3 de candidatures a president de la Federaci\u00f3 de Triatl\u00f3 de les&hellip;","_links":{"self":[{"href":"https:\/\/fetrib.com\/web\/wp-json\/wp\/v2\/posts\/201","targetHints":{"allow":["GET"]}}],"collection":[{"href":"https:\/\/fetrib.com\/web\/wp-json\/wp\/v2\/posts"}],"about":[{"href":"https:\/\/fetrib.com\/web\/wp-json\/wp\/v2\/types\/post"}],"author":[{"embeddable":true,"href":"https:\/\/fetrib.com\/web\/wp-json\/wp\/v2\/users\/1"}],"replies":[{"embeddable":true,"href":"https:\/\/fetrib.com\/web\/wp-json\/wp\/v2\/comments?post=201"}],"version-history":[{"count":0,"href":"https:\/\/fetrib.com\/web\/wp-json\/wp\/v2\/posts\/201\/revisions"}],"wp:attachment":[{"href":"https:\/\/fetrib.com\/web\/wp-json\/wp\/v2\/media?parent=201"}],"wp:term":[{"taxonomy":"category","embeddable":true,"href":"https:\/\/fetrib.com\/web\/wp-json\/wp\/v2\/categories?post=201"},{"taxonomy":"post_tag","embeddable":true,"href":"https:\/\/fetrib.com\/web\/wp-json\/wp\/v2\/tags?post=201"}],"curies":[{"name":"wp","href":"https:\/\/api.w.org\/{rel}","templated":true}]}}