{"id":207,"date":"2013-04-05T10:12:11","date_gmt":"2013-04-05T10:12:11","guid":{"rendered":"http:\/\/www.fetrib.com\/web2018\/news\/latest-news\/gomez-noya-y-mola-a-la-caza-de-auckland4\/"},"modified":"2013-04-05T10:12:11","modified_gmt":"2013-04-05T10:12:11","slug":"gomez-noya-y-mola-a-la-caza-de-auckland4","status":"publish","type":"post","link":"https:\/\/fetrib.com\/web\/2013\/04\/05\/gomez-noya-y-mola-a-la-caza-de-auckland4\/","title":{"rendered":"G\u00d3MEZ NOYA Y MOLA, A LA CAZA DE AUCKLAND"},"content":{"rendered":"<p>Este pr\u00f3ximo s\u00e1bado 6 de abril arrancan las Series Mundiales de  Triatl\u00f3n ITU en Auckland. Ubicada en la Isla Norte la localidad  neozelandesa brinda, tanto a los triatletas como al p\u00fablico, un entorno  id\u00edlico para el estreno de la edici\u00f3n 2013.<\/p>\n<p> En categor\u00eda  \u00e9lite masculina contaremos con la participaci\u00f3n de dos de nuestros  puntales, con Javier G\u00f3mez Noya a la cabeza, junto con el mallorqu\u00edn  Mario Mola. Ambos triatletas han protagonizado un excelente inicio de  temporada, y llegan a la cita con las miras puestas en alcanzar lo m\u00e1s  alto del podio. Por su parte, el gallego regresa al escenario en el que  conquist\u00f3 la Gran Final de 2012, despu\u00e9s de un emocionante y disputado  sprint final.<\/p>\n<p>Los espa\u00f1oles tendr\u00e1n que enfrentarse a  triatletas de gran nivel, como los alemanes Steffen Justus o Jan  Frodeno, el franc\u00e9s Laurent Vidal o los rusos Ivan Vasiliev, Igor  Polyanskiy \u00a0o los hermanos Bryukhankov, entre otros.<\/p>\n<p>La  prueba inaugural de las Series Mundiales se desarrollar\u00e1 por uno de los  circuitos m\u00e1s arduos y t\u00e9cnicos, consistente en un primer tramo de 1.5  km de nataci\u00f3n por la bah\u00eda de Auckland, seguidos por un recorrido  ciclista compuesto por ocho vueltas (40 km en total) atravesando la  ciudad, un sector muy t\u00e9cnico caracterizado por sus imponentes subidas,  para concluir con un segmento final de 10 km de carrera a pie.<\/p>\n<p><strong><em>Horario inicio pruebas &#8211; Espa\u00f1a:<\/em><\/strong><\/p>\n<p> <strong>\u00c9lite masculina: S\u00e1bado 01:05<\/strong><\/p>\n<p><strong>\u00c9lite femenina: S\u00e1bado 04:05<\/strong><\/p>\n<p>Las pruebas se pueden seguir a trav\u00e9s de la p\u00e1gina web <a href=\"http:\/\/www.triathlon.org\/tv\">www.triathlon.org\/tv<\/a>.<\/p>\n<p>\u00a0<\/p>\n<p>Fuente: www.triatlon.org<\/p>\n","protected":false},"excerpt":{"rendered":"<p>Este pr\u00f3ximo s\u00e1bado 6 de abril arrancan las Series Mundiales de Triatl\u00f3n ITU en Auckland. Ubicada en la Isla Norte la localidad neozelandesa brinda, tanto a los triatletas como al p\u00fablico, un entorno id\u00edlico para el estreno de la edici\u00f3n 2013. En categor\u00eda \u00e9lite masculina contaremos con la participaci\u00f3n de dos de nuestros puntales, con &#8230;<\/p>\n","protected":false},"author":1,"featured_media":0,"comment_status":"open","ping_status":"open","sticky":false,"template":"","format":"standard","meta":{"_uag_custom_page_level_css":"","footnotes":""},"categories":[37],"tags":[],"class_list":["post-207","post","type-post","status-publish","format-standard","hentry","category-latest-news"],"uagb_featured_image_src":{"full":false,"thumbnail":false,"medium":false,"medium_large":false,"large":false,"1536x1536":false,"2048x2048":false,"tie-small":false,"tie-large":false,"slider":false},"uagb_author_info":{"display_name":"admin","author_link":"https:\/\/fetrib.com\/web\/author\/admin\/"},"uagb_comment_info":0,"uagb_excerpt":"Este pr\u00f3ximo s\u00e1bado 6 de abril arrancan las Series Mundiales de Triatl\u00f3n ITU en Auckland. Ubicada en la Isla Norte la localidad neozelandesa brinda, tanto a los triatletas como al p\u00fablico, un entorno id\u00edlico para el estreno de la edici\u00f3n 2013. En categor\u00eda \u00e9lite masculina contaremos con la participaci\u00f3n de dos de nuestros puntales, con&hellip;","_links":{"self":[{"href":"https:\/\/fetrib.com\/web\/wp-json\/wp\/v2\/posts\/207","targetHints":{"allow":["GET"]}}],"collection":[{"href":"https:\/\/fetrib.com\/web\/wp-json\/wp\/v2\/posts"}],"about":[{"href":"https:\/\/fetrib.com\/web\/wp-json\/wp\/v2\/types\/post"}],"author":[{"embeddable":true,"href":"https:\/\/fetrib.com\/web\/wp-json\/wp\/v2\/users\/1"}],"replies":[{"embeddable":true,"href":"https:\/\/fetrib.com\/web\/wp-json\/wp\/v2\/comments?post=207"}],"version-history":[{"count":0,"href":"https:\/\/fetrib.com\/web\/wp-json\/wp\/v2\/posts\/207\/revisions"}],"wp:attachment":[{"href":"https:\/\/fetrib.com\/web\/wp-json\/wp\/v2\/media?parent=207"}],"wp:term":[{"taxonomy":"category","embeddable":true,"href":"https:\/\/fetrib.com\/web\/wp-json\/wp\/v2\/categories?post=207"},{"taxonomy":"post_tag","embeddable":true,"href":"https:\/\/fetrib.com\/web\/wp-json\/wp\/v2\/tags?post=207"}],"curies":[{"name":"wp","href":"https:\/\/api.w.org\/{rel}","templated":true}]}}