{"id":208,"date":"2013-04-06T11:26:41","date_gmt":"2013-04-06T11:26:41","guid":{"rendered":"http:\/\/www.fetrib.com\/web2018\/news\/latest-news\/javier-gomez-noya-y-mario-mola-conquistan-auckland\/"},"modified":"2013-04-06T11:26:41","modified_gmt":"2013-04-06T11:26:41","slug":"javier-gomez-noya-y-mario-mola-conquistan-auckland","status":"publish","type":"post","link":"https:\/\/fetrib.com\/web\/2013\/04\/06\/javier-gomez-noya-y-mario-mola-conquistan-auckland\/","title":{"rendered":"MARIO MOLA SUBCAMPE\u00d3N EN AUCKLAND"},"content":{"rendered":"<p>\u00a0<\/p>\n<p style=\"text-align: center;\"><img decoding=\"async\" src=\"http:\/\/www.triathlon.org\/uploads\/webgalleries\/66632\/del_3563__medium.jpg\" border=\"0\" width=\"100%\" \/><\/p>\n<p>La prueba inaugural de las Series Mundiales de Triatl\u00f3n 2013,  celebrada en Auckland (Nueva Zelanda),  nos ha regalado una competici\u00f3n espectacular, y una extraordinaria segunda plaza conseguida por <strong>Mario  Mola<\/strong>. Nuestro representante balear finaliz\u00f3 por detr\u00e1s de<span style=\"line-height: 1.3em;\"> Javier G\u00f3mez Noya, que mostr\u00f3 su superioridad en el segmento de carrera.<\/span><\/p>\n<p><span style=\"line-height: 1.3em;\">  <!--more-->  <\/span><strong>Mario<\/strong> mostr\u00f3 su mejora en el segmento de nataci\u00f3n, entrando a la T1 a tan solo 19 segundos de la cabeza de carrera, lo que le permiti\u00f3 engancharse r\u00e1pidamente al grupo principal en el sector ciclista. La mala suerte hizo que sufriera un pinchazo,<span style=\"line-height: 1.3em;\"> <\/span><span style=\"line-height: 1.3em;\">aunque<\/span><span style=\"line-height: 1.3em;\"> tras un gran esfuerzo, logr\u00f3 unirse nuevamente al grupo de cabeza.<\/span><\/p>\n<p><span style=\"line-height: 1.3em;\">A la salida de la  T2, el brit\u00e1nico Stuart Hayes y el australiano Ryan Bailie lograron escaparse del resto, pero fueron neutralizados por los dos espa\u00f1oles en  los primeros instantes del segmento. A ellos se uni\u00f3 el local  Dodds, el portugu\u00e9s Joao Paulo y Laurent Vidal, aunque Mola y Noya llegaron al final de la prueba en solitario, para disputarse entre  ambos el triunfo final.<\/span><\/p>\n<p>Los espa\u00f1oles protagonizaron un intenso y apasionante duelo a lo largo de los 10 km de carrera a pie,  completando ambos el sector en menos de 30 minutos. A falta de 4 km  para el final, el subcampe\u00f3n ol\u00edmpico cambi\u00f3 de ritmo y Mario tuvo que conformarse con una gran segunda plaza.<\/p>\n<p>Con este resultado,<strong> Mario <\/strong><strong>Mola <\/strong>firma<strong> <\/strong>su mejor actuaci\u00f3n en el circuito  de las Series Mundiales, y confirma su gran estado de forma en este  inicio de temporada.<\/p>\n<p>La pr\u00f3xima\u00a0ronda tendr\u00e1 lugar en San Diego los pr\u00f3ximos 19 y 20 de abril.<\/p>\n<p><a href=\"http:\/\/www.triathlon.org\/results\/result\/2013_itu_world_triathlon_auckland\/258903\"><strong>Clasificaci\u00f3n \u00e9lite masculina<\/strong><\/a><\/p>\n<p><strong><a href=\"http:\/\/www.triathlon.org\/news\/article\/auckland_elite_mens_race_review\">Video resumen de la prueba<\/a><\/strong><\/p>\n<p><strong><br \/><\/strong><\/p>\n","protected":false},"excerpt":{"rendered":"<p>\u00a0 La prueba inaugural de las Series Mundiales de Triatl\u00f3n 2013, celebrada en Auckland (Nueva Zelanda), nos ha regalado una competici\u00f3n espectacular, y una extraordinaria segunda plaza conseguida por Mario Mola. Nuestro representante balear finaliz\u00f3 por detr\u00e1s de Javier G\u00f3mez Noya, que mostr\u00f3 su superioridad en el segmento de carrera.<\/p>\n","protected":false},"author":1,"featured_media":0,"comment_status":"open","ping_status":"open","sticky":false,"template":"","format":"standard","meta":{"_uag_custom_page_level_css":"","footnotes":""},"categories":[37],"tags":[],"class_list":["post-208","post","type-post","status-publish","format-standard","hentry","category-latest-news"],"uagb_featured_image_src":{"full":false,"thumbnail":false,"medium":false,"medium_large":false,"large":false,"1536x1536":false,"2048x2048":false,"tie-small":false,"tie-large":false,"slider":false},"uagb_author_info":{"display_name":"admin","author_link":"https:\/\/fetrib.com\/web\/author\/admin\/"},"uagb_comment_info":0,"uagb_excerpt":"\u00a0 La prueba inaugural de las Series Mundiales de Triatl\u00f3n 2013, celebrada en Auckland (Nueva Zelanda), nos ha regalado una competici\u00f3n espectacular, y una extraordinaria segunda plaza conseguida por Mario Mola. Nuestro representante balear finaliz\u00f3 por detr\u00e1s de Javier G\u00f3mez Noya, que mostr\u00f3 su superioridad en el segmento de carrera.","_links":{"self":[{"href":"https:\/\/fetrib.com\/web\/wp-json\/wp\/v2\/posts\/208","targetHints":{"allow":["GET"]}}],"collection":[{"href":"https:\/\/fetrib.com\/web\/wp-json\/wp\/v2\/posts"}],"about":[{"href":"https:\/\/fetrib.com\/web\/wp-json\/wp\/v2\/types\/post"}],"author":[{"embeddable":true,"href":"https:\/\/fetrib.com\/web\/wp-json\/wp\/v2\/users\/1"}],"replies":[{"embeddable":true,"href":"https:\/\/fetrib.com\/web\/wp-json\/wp\/v2\/comments?post=208"}],"version-history":[{"count":0,"href":"https:\/\/fetrib.com\/web\/wp-json\/wp\/v2\/posts\/208\/revisions"}],"wp:attachment":[{"href":"https:\/\/fetrib.com\/web\/wp-json\/wp\/v2\/media?parent=208"}],"wp:term":[{"taxonomy":"category","embeddable":true,"href":"https:\/\/fetrib.com\/web\/wp-json\/wp\/v2\/categories?post=208"},{"taxonomy":"post_tag","embeddable":true,"href":"https:\/\/fetrib.com\/web\/wp-json\/wp\/v2\/tags?post=208"}],"curies":[{"name":"wp","href":"https:\/\/api.w.org\/{rel}","templated":true}]}}