{"id":2099,"date":"2018-05-28T10:01:13","date_gmt":"2018-05-28T10:01:13","guid":{"rendered":"http:\/\/fetrib.com\/web\/?p=2099"},"modified":"2018-05-28T10:02:13","modified_gmt":"2018-05-28T10:02:13","slug":"ironman-lanzarote-con-color-mallorquin","status":"publish","type":"post","link":"https:\/\/fetrib.com\/web\/2018\/05\/28\/ironman-lanzarote-con-color-mallorquin\/","title":{"rendered":"IRONMAN LANZAROTE CON COLOR MALLORQUIN"},"content":{"rendered":"<p>La conocida isla de Fuego,vuelve a tener una presencia destacada con color mallorqu\u00edn.<\/p>\n<p>la prueba de supervivencia del IronMan de Lanzarote vuelve a contar con una destacada participaci\u00f3n mallorquina en una de las pruebas nacionales de larga distancia con m\u00e1s tradici\u00f3n balear debido a la gran participaci\u00f3n balear en esta prueba durante la \u00faltima d\u00e9cada.<\/p>\n","protected":false},"excerpt":{"rendered":"<p>La conocida isla de Fuego,vuelve a tener una presencia destacada con color mallorqu\u00edn. la prueba de supervivencia del IronMan de Lanzarote vuelve a contar con una destacada participaci\u00f3n mallorquina en una de las pruebas nacionales de larga distancia con m\u00e1s tradici\u00f3n balear debido a la gran participaci\u00f3n balear en esta prueba durante la \u00faltima d\u00e9cada.<\/p>\n","protected":false},"author":1,"featured_media":2100,"comment_status":"closed","ping_status":"open","sticky":false,"template":"","format":"standard","meta":{"_uag_custom_page_level_css":"","footnotes":""},"categories":[28,37],"tags":[],"class_list":["post-2099","post","type-post","status-publish","format-standard","has-post-thumbnail","hentry","category-competiciones","category-latest-news"],"uagb_featured_image_src":{"full":["https:\/\/fetrib.com\/web\/wp-content\/uploads\/2018\/05\/IMG_20180525_202444.jpg",930,621,false],"thumbnail":["https:\/\/fetrib.com\/web\/wp-content\/uploads\/2018\/05\/IMG_20180525_202444-150x150.jpg",150,150,true],"medium":["https:\/\/fetrib.com\/web\/wp-content\/uploads\/2018\/05\/IMG_20180525_202444-300x200.jpg",300,200,true],"medium_large":["https:\/\/fetrib.com\/web\/wp-content\/uploads\/2018\/05\/IMG_20180525_202444-768x513.jpg",620,414,true],"large":["https:\/\/fetrib.com\/web\/wp-content\/uploads\/2018\/05\/IMG_20180525_202444.jpg",620,414,false],"1536x1536":["https:\/\/fetrib.com\/web\/wp-content\/uploads\/2018\/05\/IMG_20180525_202444.jpg",930,621,false],"2048x2048":["https:\/\/fetrib.com\/web\/wp-content\/uploads\/2018\/05\/IMG_20180525_202444.jpg",930,621,false],"tie-small":["https:\/\/fetrib.com\/web\/wp-content\/uploads\/2018\/05\/IMG_20180525_202444-70x70.jpg",70,70,true],"tie-large":["https:\/\/fetrib.com\/web\/wp-content\/uploads\/2018\/05\/IMG_20180525_202444-300x160.jpg",300,160,true],"slider":["https:\/\/fetrib.com\/web\/wp-content\/uploads\/2018\/05\/IMG_20180525_202444-620x330.jpg",620,330,true]},"uagb_author_info":{"display_name":"admin","author_link":"https:\/\/fetrib.com\/web\/author\/admin\/"},"uagb_comment_info":0,"uagb_excerpt":"La conocida isla de Fuego,vuelve a tener una presencia destacada con color mallorqu\u00edn. la prueba de supervivencia del IronMan de Lanzarote vuelve a contar con una destacada participaci\u00f3n mallorquina en una de las pruebas nacionales de larga distancia con m\u00e1s tradici\u00f3n balear debido a la gran participaci\u00f3n balear en esta prueba durante la \u00faltima d\u00e9cada.","_links":{"self":[{"href":"https:\/\/fetrib.com\/web\/wp-json\/wp\/v2\/posts\/2099","targetHints":{"allow":["GET"]}}],"collection":[{"href":"https:\/\/fetrib.com\/web\/wp-json\/wp\/v2\/posts"}],"about":[{"href":"https:\/\/fetrib.com\/web\/wp-json\/wp\/v2\/types\/post"}],"author":[{"embeddable":true,"href":"https:\/\/fetrib.com\/web\/wp-json\/wp\/v2\/users\/1"}],"replies":[{"embeddable":true,"href":"https:\/\/fetrib.com\/web\/wp-json\/wp\/v2\/comments?post=2099"}],"version-history":[{"count":1,"href":"https:\/\/fetrib.com\/web\/wp-json\/wp\/v2\/posts\/2099\/revisions"}],"predecessor-version":[{"id":2101,"href":"https:\/\/fetrib.com\/web\/wp-json\/wp\/v2\/posts\/2099\/revisions\/2101"}],"wp:featuredmedia":[{"embeddable":true,"href":"https:\/\/fetrib.com\/web\/wp-json\/wp\/v2\/media\/2100"}],"wp:attachment":[{"href":"https:\/\/fetrib.com\/web\/wp-json\/wp\/v2\/media?parent=2099"}],"wp:term":[{"taxonomy":"category","embeddable":true,"href":"https:\/\/fetrib.com\/web\/wp-json\/wp\/v2\/categories?post=2099"},{"taxonomy":"post_tag","embeddable":true,"href":"https:\/\/fetrib.com\/web\/wp-json\/wp\/v2\/tags?post=2099"}],"curies":[{"name":"wp","href":"https:\/\/api.w.org\/{rel}","templated":true}]}}