{"id":210,"date":"2013-04-08T09:45:11","date_gmt":"2013-04-08T09:45:11","guid":{"rendered":"http:\/\/www.fetrib.com\/web2018\/escolar-base\/campionat-de-balears-de-duatlo-de-categories-base\/"},"modified":"2013-04-08T09:45:11","modified_gmt":"2013-04-08T09:45:11","slug":"campionat-de-balears-de-duatlo-de-categories-base","status":"publish","type":"post","link":"https:\/\/fetrib.com\/web\/2013\/04\/08\/campionat-de-balears-de-duatlo-de-categories-base\/","title":{"rendered":"Campionat de Mallorca de Duatl\u00f3 de categories base"},"content":{"rendered":"<p style=\"text-align: center;\"><img decoding=\"async\" src=\"images\/stories\/img_3002-2.jpg\" border=\"0\" width=\"75%\" \/><\/p>\n<p>140 esportistes en edat escolar participaren del Campionat de Mallorca de Duatl\u00f3 celebrat a Portocolom. Tot un \u00e8xit de participaci\u00f3.<\/p>\n<p>\u00a0<\/p>\n<p>  <!--more-->  <\/p>\n<p>El passat diumenge es va celebrar a Portocolom el Campionat de Mallorca de Duatl\u00f3 de categories base.<\/p>\n<p>\u00a0<\/p>\n<p>Varem comptar amb la participaci\u00f3 d&#8217;infants de Formentera, Eivissa i Mallorca.<br \/>La participaci\u00f3 es va doblar respecte de l&#8217;any passat i aquest any hem tengut una inscripci\u00f3 de 140 esportistes.<br \/>Les dist\u00e0ncies que han fet aquest infants han variat en funci\u00f3 de la categoria.<\/p>\n<p>prebenjami.- 250 metres de cursa a peu \/1km de bici\/\u00a0 125 metres de cursa a peu<br \/>benjami.- 500 metres de cursa a peu\/ 2km en bici\/ 250 metres de cursa a peu<br \/>alev\u00ed.- 1000 metres de cursa a peu\/ 4km en bici\/ 500 metres de cursa a peu<br \/> infantil i cadet.- 1500 metres de cursa a peu\/ 8km en bici\/ 1000 metres de cursa a peu<\/p>\n<p>Des dels m\u00e9s petits, fins els m\u00e9s grans han gaudit d&#8217;un circuit urb\u00e0 i d&#8217;un p\u00fablic totalment\u00a0 entregat.<br \/>Tots els participants han rebut una medalla i s&#8217;han lliurat trofeus per els tres primers classificats de cada categoria.<br \/>A post meta s&#8217;ha pogut hidratar i disfrutar d&#8217;un berenar i un obsequi.<br \/>Enhorabona a tots els participants per l&#8217;esfor\u00e7 i la participaci\u00f3!<\/p>\n<p>\u00a0<\/p>\n","protected":false},"excerpt":{"rendered":"<p>140 esportistes en edat escolar participaren del Campionat de Mallorca de Duatl\u00f3 celebrat a Portocolom. Tot un \u00e8xit de participaci\u00f3. \u00a0<\/p>\n","protected":false},"author":1,"featured_media":0,"comment_status":"open","ping_status":"open","sticky":false,"template":"","format":"standard","meta":{"_uag_custom_page_level_css":"","footnotes":""},"categories":[29],"tags":[],"class_list":["post-210","post","type-post","status-publish","format-standard","hentry","category-escolar-base"],"uagb_featured_image_src":{"full":false,"thumbnail":false,"medium":false,"medium_large":false,"large":false,"1536x1536":false,"2048x2048":false,"tie-small":false,"tie-large":false,"slider":false},"uagb_author_info":{"display_name":"admin","author_link":"https:\/\/fetrib.com\/web\/author\/admin\/"},"uagb_comment_info":0,"uagb_excerpt":"140 esportistes en edat escolar participaren del Campionat de Mallorca de Duatl\u00f3 celebrat a Portocolom. Tot un \u00e8xit de participaci\u00f3. \u00a0","_links":{"self":[{"href":"https:\/\/fetrib.com\/web\/wp-json\/wp\/v2\/posts\/210","targetHints":{"allow":["GET"]}}],"collection":[{"href":"https:\/\/fetrib.com\/web\/wp-json\/wp\/v2\/posts"}],"about":[{"href":"https:\/\/fetrib.com\/web\/wp-json\/wp\/v2\/types\/post"}],"author":[{"embeddable":true,"href":"https:\/\/fetrib.com\/web\/wp-json\/wp\/v2\/users\/1"}],"replies":[{"embeddable":true,"href":"https:\/\/fetrib.com\/web\/wp-json\/wp\/v2\/comments?post=210"}],"version-history":[{"count":0,"href":"https:\/\/fetrib.com\/web\/wp-json\/wp\/v2\/posts\/210\/revisions"}],"wp:attachment":[{"href":"https:\/\/fetrib.com\/web\/wp-json\/wp\/v2\/media?parent=210"}],"wp:term":[{"taxonomy":"category","embeddable":true,"href":"https:\/\/fetrib.com\/web\/wp-json\/wp\/v2\/categories?post=210"},{"taxonomy":"post_tag","embeddable":true,"href":"https:\/\/fetrib.com\/web\/wp-json\/wp\/v2\/tags?post=210"}],"curies":[{"name":"wp","href":"https:\/\/api.w.org\/{rel}","templated":true}]}}