{"id":212,"date":"2013-04-09T14:52:48","date_gmt":"2013-04-09T14:52:48","guid":{"rendered":"http:\/\/www.fetrib.com\/web2018\/news\/latest-news\/mavi-garcia-simposa-a-vic\/"},"modified":"2013-04-09T14:52:48","modified_gmt":"2013-04-09T14:52:48","slug":"mavi-garcia-simposa-a-vic","status":"publish","type":"post","link":"https:\/\/fetrib.com\/web\/2013\/04\/09\/mavi-garcia-simposa-a-vic\/","title":{"rendered":"Mavi Garc\u00eda s&#8217;imposa a Vic"},"content":{"rendered":"<p style=\"text-align: center;\"><img decoding=\"async\" src=\"images\/stories\/podium vic.jpg\" border=\"0\" width=\"75%\" \/><\/p>\n<p>Mavi Garc\u00eda guanya el XII Duatl\u00f3 de Vic imposant-se a l&#8217;actual campiona de Catalunya de la modalitat.<\/p>\n<p>Un magn\u00edfic resultat de cara a fer front el campionat d&#8217;Espanya que es dur\u00e1 a terme el proper 27 d&#8217;abril a Pontevedra. Ella mateixa ens explica la seva experi\u00e8ncia.<\/p>\n<p>  <!--more-->  <\/p>\n<p><span class=\"caption\"> <\/span><\/p>\n<p class=\"system-pagebreak\" style=\"margin: 0cm 0cm 0pt; text-align: justify;\">\u00abVaig decidir anar a fer aquest duatl\u00f3 de cara al Campionat d&#8217;Espanya, ja que aqu\u00ed he fet 3 duatlons i no hi ha gaire dones&#8230; Aix\u00ed que v\u00e0rem mirar un a fora, per veure com anava amb altre gent.<\/p>\n<p><span class=\"system-pagebreak\"> <\/span><\/p>\n<p><span class=\"system-pagebreak\"> <\/span><\/p>\n<p class=\"system-pagebreak\" style=\"margin: 0cm 0cm 0pt; text-align: justify;\">Sa veritat es que no tenia moltes expectatives de fer-ho b\u00e9, perqu\u00e8 el viatge es va complicar molt. Ens v\u00e0ren canviar l&#8217;horari del vaixell i a la fi ens enviaren a D\u00e9nia&#8230; aix\u00ed que ferem 550km en cotxe, \u00abuna pallissa\u00bb. A part d&#8217;aix\u00f2, em vaig aixecar amb un mal al bra\u00e7 esquerre que nom\u00e9s el podia aixecar fins a la meitat, i amb un bon costipat&#8230;. Al mat\u00ed ni em pod\u00eda passar el mono perqu\u00e8 ten\u00eda el bra\u00e7 pitjor, per\u00f2 vaig pensar que l&#8217;\u00fanic moment que havia d&#8217;aixecar-lo era per ficar-me el casc, aix\u00ed que vaig practicar de la millor manera per no tenir mal.<\/p>\n<p><span class=\"system-pagebreak\"> <\/span><\/p>\n<p><span class=\"system-pagebreak\"> <\/span><\/p>\n<p><span class=\"system-pagebreak\"> <\/span><\/p>\n<p class=\"system-pagebreak\" style=\"margin: 0cm 0cm 0pt; text-align: justify;\">Vaig sortir darrera la primera dona perqu\u00e8 la meva intenci\u00f3 era poder anar amb grup per poder fer relleus i saber com m&#8217;anava fer les transicions, aix\u00ed que vaig sortir darrera i al km. 4, anava tan c\u00f2moda, q vaig canviar d&#8217;opini\u00f3. El circuit de bicicleta era molt dur i anar a roda no era tant important. Vaig incrementar un poc el ritme i encara aix\u00ed vaig arribar molt c\u00f3moda a la transici\u00f3. El problema va arribar al pujar a la bici que el peu em va patinar i la sabata va sortir volant. Vaig perdre bastant de temps per\u00f2 com duia molt avantatge, no va ser un problema.<\/p>\n<p><span class=\"system-pagebreak\"> <\/span><\/p>\n<p><span class=\"system-pagebreak\"> <\/span><\/p>\n<p class=\"system-pagebreak\" style=\"margin: 0cm 0cm 0pt; text-align: justify;\">El tram de bicicleta era dur\u00edssim, per\u00f2 vaig agafar el meu ritme i vaig disfrutar sense patir gaire! quant m\u00e9s empinades es feien les costes, m\u00e9s gent avan\u00e7ava. Incl\u00fas em girava de tant en tant per veure si ven\u00eda alguna al\u00b7lota i duia homes a roda meva! jejejeje.<\/p>\n<p><span class=\"system-pagebreak\"> <\/span><\/p>\n<p><span class=\"system-pagebreak\"> <\/span><\/p>\n<p class=\"system-pagebreak\" style=\"margin: 0cm 0cm 0pt; text-align: justify;\">En arribar a la part de baix, el primer que vaig pensar va ser jaa!!! tant r\u00e0pid??? La bici em va passar volant i la vaig disfrutar molt!! Al fer l&#8217;altra transici\u00f3 tamb\u00e9 la vaig liar de nou, ja que el tram des de que baixam de la bici, fins a on havia d&#8217;arribar, feia uns 300mts i no vaig pensar a llevar-me les sabates&#8230; aix\u00ed que vaig c\u00f3rrer amb les sabates de bici fins all\u00e0!! De totes formes en aquest moment ja veia q la cursa estava feta i ja em va ser igual.<\/p>\n<p><span class=\"system-pagebreak\"> <\/span><\/p>\n<p><span class=\"system-pagebreak\"> <\/span><\/p>\n<p class=\"system-pagebreak\" style=\"margin: 0cm 0cm 0pt; text-align: justify;\">La gent m&#8217;animava i jo aixecava el bra\u00e7 \u00abb\u00f2\u00bb i disfrutava.<\/p>\n<p><span class=\"system-pagebreak\"> <\/span><\/p>\n<p><span class=\"system-pagebreak\"> <\/span><\/p>\n<p class=\"system-pagebreak\" style=\"margin: 0cm 0cm 0pt; text-align: justify;\">A la tercera part tamb\u00e9 vaig poder disfrutar ja que encara tenia forces i no vaig for\u00e7ar m\u00e9s del compte.<\/p>\n<p><span class=\"system-pagebreak\"> <\/span><\/p>\n<p><span class=\"system-pagebreak\"> <\/span><\/p>\n<p class=\"system-pagebreak\" style=\"margin: 0cm 0cm 0pt; text-align: justify;\">En resum, una gran experi\u00e8ncia i una gran d\u00f2si de moral! ja que la segona classificada va ser la actual Campiona de Catalunya, la 15 del m\u00f3n de l&#8217;any passat i la 6ena d&#8217;Espanya.\u00bb<\/p>\n<p class=\"system-pagebreak\" style=\"margin: 0cm 0cm 0pt; text-align: justify;\">\u00a0<\/p>\n<p class=\"system-pagebreak\" style=\"margin: 0cm 0cm 0pt; text-align: justify;\">\u00a0<\/p>\n<p class=\"system-pagebreak\" style=\"margin: 0cm 0cm 0pt; text-align: justify;\">\u00a0<\/p>\n","protected":false},"excerpt":{"rendered":"<p>Mavi Garc\u00eda guanya el XII Duatl\u00f3 de Vic imposant-se a l&#8217;actual campiona de Catalunya de la modalitat. Un magn\u00edfic resultat de cara a fer front el campionat d&#8217;Espanya que es dur\u00e1 a terme el proper 27 d&#8217;abril a Pontevedra. Ella mateixa ens explica la seva experi\u00e8ncia.<\/p>\n","protected":false},"author":1,"featured_media":0,"comment_status":"open","ping_status":"open","sticky":false,"template":"","format":"standard","meta":{"_uag_custom_page_level_css":"","footnotes":""},"categories":[37],"tags":[],"class_list":["post-212","post","type-post","status-publish","format-standard","hentry","category-latest-news"],"uagb_featured_image_src":{"full":false,"thumbnail":false,"medium":false,"medium_large":false,"large":false,"1536x1536":false,"2048x2048":false,"tie-small":false,"tie-large":false,"slider":false},"uagb_author_info":{"display_name":"admin","author_link":"https:\/\/fetrib.com\/web\/author\/admin\/"},"uagb_comment_info":0,"uagb_excerpt":"Mavi Garc\u00eda guanya el XII Duatl\u00f3 de Vic imposant-se a l&#8217;actual campiona de Catalunya de la modalitat. Un magn\u00edfic resultat de cara a fer front el campionat d&#8217;Espanya que es dur\u00e1 a terme el proper 27 d&#8217;abril a Pontevedra. Ella mateixa ens explica la seva experi\u00e8ncia.","_links":{"self":[{"href":"https:\/\/fetrib.com\/web\/wp-json\/wp\/v2\/posts\/212","targetHints":{"allow":["GET"]}}],"collection":[{"href":"https:\/\/fetrib.com\/web\/wp-json\/wp\/v2\/posts"}],"about":[{"href":"https:\/\/fetrib.com\/web\/wp-json\/wp\/v2\/types\/post"}],"author":[{"embeddable":true,"href":"https:\/\/fetrib.com\/web\/wp-json\/wp\/v2\/users\/1"}],"replies":[{"embeddable":true,"href":"https:\/\/fetrib.com\/web\/wp-json\/wp\/v2\/comments?post=212"}],"version-history":[{"count":0,"href":"https:\/\/fetrib.com\/web\/wp-json\/wp\/v2\/posts\/212\/revisions"}],"wp:attachment":[{"href":"https:\/\/fetrib.com\/web\/wp-json\/wp\/v2\/media?parent=212"}],"wp:term":[{"taxonomy":"category","embeddable":true,"href":"https:\/\/fetrib.com\/web\/wp-json\/wp\/v2\/categories?post=212"},{"taxonomy":"post_tag","embeddable":true,"href":"https:\/\/fetrib.com\/web\/wp-json\/wp\/v2\/tags?post=212"}],"curies":[{"name":"wp","href":"https:\/\/api.w.org\/{rel}","templated":true}]}}