{"id":2124,"date":"2018-06-11T08:21:53","date_gmt":"2018-06-11T08:21:53","guid":{"rendered":"http:\/\/fetrib.com\/web\/?p=2124"},"modified":"2018-06-11T08:21:53","modified_gmt":"2018-06-11T08:21:53","slug":"riusech-y-sitjes-se-llevan-la-victoria-en-el-xx-triatlon-de-andratx-lorenzo-aviles","status":"publish","type":"post","link":"https:\/\/fetrib.com\/web\/2018\/06\/11\/riusech-y-sitjes-se-llevan-la-victoria-en-el-xx-triatlon-de-andratx-lorenzo-aviles\/","title":{"rendered":"Riusech y Sitjes se llevan la victoria en el XX Triatl\u00f3n de Andratx Lorenzo Avil\u00e9s"},"content":{"rendered":"<p>El puerto de Andratx volvi\u00f3 ser a el escenario de una de las pruebas hist\u00f3ricas del Triatl\u00f3n balear.<br \/>\nM\u00e1s de 200 inscritos con la prueba de promoci\u00f3n SuperTri sobre formato de Acuatl\u00f3n y la prueba cl\u00e1sica para absolutos sobre distancia Sprint de 750m de nataci\u00f3n,20km de ciclismo y 5km de carrera a pie para finalizar.<br \/>\nLa prueba masculina se mostraba muy abierta al no contar con ninguno de los ganadores de las ediciones anteriores por lo que se preve\u00eda una lucha muy abierta por la victoria.<br \/>\nFinalmente Miquel Riusech,con un ataque en la \u00faltima vuelta del sector de ciclismo se situ\u00f3 en cabeza, manteniendo la primera posici\u00f3n sin ceder en el empuje de Biel Oliver durante el sector de carrera, que finalmente termin\u00f3. Guillem Soler complet\u00f3 el podium.<br \/>\nEn prueba femenina,Carol Sitjes repite triunfo,como ya hiciera en la pasada edici\u00f3n con una remontada en bicicleta haciendo de la carrera a pie un tr\u00e1mite. Emma Parra finaliz\u00f3 segunda y Sof\u00eda Hamad tercera.<br \/>\nPor categor\u00edas las victorias fueron para Callejero y Hamad en cadetes. Riusech y Oliver en Juniors, Pons y Sampol en Sub-23,Hamad y De Fuentes en Vet1, Carvajal en vet2 y Forteza en vet3.<br \/>\nEn la categor\u00eda de clubs el vencedor fue el Duet Ciclismo en Mallorca por delante del Xtrem Calvia y Ferrer Hotels.<\/p>\n","protected":false},"excerpt":{"rendered":"<p>El puerto de Andratx volvi\u00f3 ser a el escenario de una de las pruebas hist\u00f3ricas del Triatl\u00f3n balear. M\u00e1s de 200 inscritos con la prueba de promoci\u00f3n SuperTri sobre formato de Acuatl\u00f3n y la prueba cl\u00e1sica para absolutos sobre distancia Sprint de 750m de nataci\u00f3n,20km de ciclismo y 5km de carrera a pie para finalizar. &#8230;<\/p>\n","protected":false},"author":1,"featured_media":2125,"comment_status":"closed","ping_status":"open","sticky":false,"template":"","format":"standard","meta":{"_uag_custom_page_level_css":"","footnotes":""},"categories":[1],"tags":[],"class_list":["post-2124","post","type-post","status-publish","format-standard","has-post-thumbnail","hentry","category-general"],"uagb_featured_image_src":{"full":["https:\/\/fetrib.com\/web\/wp-content\/uploads\/2018\/06\/IMG_20180610_174547.jpg",2564,1470,false],"thumbnail":["https:\/\/fetrib.com\/web\/wp-content\/uploads\/2018\/06\/IMG_20180610_174547-150x150.jpg",150,150,true],"medium":["https:\/\/fetrib.com\/web\/wp-content\/uploads\/2018\/06\/IMG_20180610_174547-300x172.jpg",300,172,true],"medium_large":["https:\/\/fetrib.com\/web\/wp-content\/uploads\/2018\/06\/IMG_20180610_174547-768x440.jpg",620,355,true],"large":["https:\/\/fetrib.com\/web\/wp-content\/uploads\/2018\/06\/IMG_20180610_174547-1024x587.jpg",620,355,true],"1536x1536":["https:\/\/fetrib.com\/web\/wp-content\/uploads\/2018\/06\/IMG_20180610_174547.jpg",1536,881,false],"2048x2048":["https:\/\/fetrib.com\/web\/wp-content\/uploads\/2018\/06\/IMG_20180610_174547.jpg",2048,1174,false],"tie-small":["https:\/\/fetrib.com\/web\/wp-content\/uploads\/2018\/06\/IMG_20180610_174547-70x70.jpg",70,70,true],"tie-large":["https:\/\/fetrib.com\/web\/wp-content\/uploads\/2018\/06\/IMG_20180610_174547-300x160.jpg",300,160,true],"slider":["https:\/\/fetrib.com\/web\/wp-content\/uploads\/2018\/06\/IMG_20180610_174547-620x330.jpg",620,330,true]},"uagb_author_info":{"display_name":"admin","author_link":"https:\/\/fetrib.com\/web\/author\/admin\/"},"uagb_comment_info":0,"uagb_excerpt":"El puerto de Andratx volvi\u00f3 ser a el escenario de una de las pruebas hist\u00f3ricas del Triatl\u00f3n balear. M\u00e1s de 200 inscritos con la prueba de promoci\u00f3n SuperTri sobre formato de Acuatl\u00f3n y la prueba cl\u00e1sica para absolutos sobre distancia Sprint de 750m de nataci\u00f3n,20km de ciclismo y 5km de carrera a pie para finalizar.&hellip;","_links":{"self":[{"href":"https:\/\/fetrib.com\/web\/wp-json\/wp\/v2\/posts\/2124","targetHints":{"allow":["GET"]}}],"collection":[{"href":"https:\/\/fetrib.com\/web\/wp-json\/wp\/v2\/posts"}],"about":[{"href":"https:\/\/fetrib.com\/web\/wp-json\/wp\/v2\/types\/post"}],"author":[{"embeddable":true,"href":"https:\/\/fetrib.com\/web\/wp-json\/wp\/v2\/users\/1"}],"replies":[{"embeddable":true,"href":"https:\/\/fetrib.com\/web\/wp-json\/wp\/v2\/comments?post=2124"}],"version-history":[{"count":1,"href":"https:\/\/fetrib.com\/web\/wp-json\/wp\/v2\/posts\/2124\/revisions"}],"predecessor-version":[{"id":2126,"href":"https:\/\/fetrib.com\/web\/wp-json\/wp\/v2\/posts\/2124\/revisions\/2126"}],"wp:featuredmedia":[{"embeddable":true,"href":"https:\/\/fetrib.com\/web\/wp-json\/wp\/v2\/media\/2125"}],"wp:attachment":[{"href":"https:\/\/fetrib.com\/web\/wp-json\/wp\/v2\/media?parent=2124"}],"wp:term":[{"taxonomy":"category","embeddable":true,"href":"https:\/\/fetrib.com\/web\/wp-json\/wp\/v2\/categories?post=2124"},{"taxonomy":"post_tag","embeddable":true,"href":"https:\/\/fetrib.com\/web\/wp-json\/wp\/v2\/tags?post=2124"}],"curies":[{"name":"wp","href":"https:\/\/api.w.org\/{rel}","templated":true}]}}