{"id":2130,"date":"2018-06-12T10:27:11","date_gmt":"2018-06-12T10:27:11","guid":{"rendered":"http:\/\/fetrib.com\/web\/?p=2130"},"modified":"2018-06-12T10:32:13","modified_gmt":"2018-06-12T10:32:13","slug":"convocatoria-seleccions-balears-pel-campionat-despanya-per-autonomies-2018","status":"publish","type":"post","link":"https:\/\/fetrib.com\/web\/2018\/06\/12\/convocatoria-seleccions-balears-pel-campionat-despanya-per-autonomies-2018\/","title":{"rendered":"Convocat\u00f2ria Seleccions Balears pel Campionat d\u2019Espanya per Autonomies  2018"},"content":{"rendered":"<p class=\"western\" align=\"justify\"><span lang=\"ca-ES\">El 30 de juny i 1 de juliol de 2018 es disputar\u00e0 el Campionat d\u2019Espanya de Triatl\u00f3 per Autonomies <\/span><span lang=\"ca-ES\">escolar <\/span><span lang=\"ca-ES\">a la localitat de badajoz.<\/span><\/p>\n<p class=\"western\" lang=\"ca-ES\" align=\"justify\">Els esportistes disputaran dues jornades de competici\u00f3, el dissabte realitzaran un triatl\u00f3 individual i diumenge un triatl\u00f3 per relleus mixtes.<\/p>\n<p class=\"western\" lang=\"ca-ES\" align=\"justify\">La FETRIB participar\u00e0 amb quatre seleccions, escolar i absoluta, femenina i masculina en ambd\u00f3s casos, assumint les despeses del transport, allotjament i dietes.<\/p>\n<p lang=\"ca-ES\" align=\"justify\"><strong>ABSOLUTA<\/strong><\/p>\n<table width=\"709\" cellspacing=\"0\" cellpadding=\"4\">\n<colgroup>\n<col width=\"128*\" \/>\n<col width=\"128*\" \/> <\/colgroup>\n<tbody>\n<tr valign=\"top\">\n<td width=\"50%\">\n<p class=\"western\"><b>femen\u00ed<\/b><\/p>\n<p class=\"western\">1. Gemma Llabr\u00e9s (classificaci\u00f3 ct. Balears)<\/p>\n<p class=\"western\">2. Carolina Sitges (classificaci\u00f3 ct. Balears)<\/p>\n<p class=\"western\">3. Xisca Tous (per criteri t\u00e8cnic)<\/p>\n<p class=\"western\">4. Ana Soler (per criteri t\u00e8cnic)<\/p>\n<p class=\"western\">5. Laia Riudavets (per criteri t\u00e8cnic)<\/p>\n<p class=\"western\">6. Paula Oliver (per criteri t\u00e8cnic)<\/p>\n<p class=\"western\"><b>Reserves<\/b><\/p>\n<p>&#8211; Ariadna Vidal<\/p>\n<p>&#8211; Leonor Font<\/p>\n<p>&#8211; Emma Parra<\/td>\n<td width=\"50%\">\n<p class=\"western\" lang=\"ca-ES\" align=\"justify\"><b>mascul\u00ed<\/b><\/p>\n<p class=\"western\" lang=\"ca-ES\" align=\"justify\">1. Lucas Mola (classificaci\u00f3 ct. Balears)<\/p>\n<p class=\"western\" lang=\"ca-ES\" align=\"justify\">2. Biel Forteza (classificaci\u00f3 ct. Balears)<\/p>\n<p class=\"western\" lang=\"ca-ES\" align=\"justify\">3. Miquel Riusech (classificaci\u00f3 Andratx)<\/p>\n<p class=\"western\" lang=\"ca-ES\" align=\"justify\">4. Miguel \u00c1ngel Fidalgo (per criteri t\u00e8cnic)<\/p>\n<p class=\"western\" lang=\"ca-ES\" align=\"justify\">5. Carlos Oliver (per criteri t\u00e8cnic)<\/p>\n<p class=\"western\" lang=\"ca-ES\" align=\"justify\">6. Nil Riudavets (per criteri t\u00e8cnic)<\/p>\n<p class=\"western\" lang=\"ca-ES\" align=\"justify\"><b>Reserves<\/b><\/p>\n<p>&#8211; Guillem Soler<\/p>\n<p>&#8211; Biel Oliver<\/p>\n<p>&#8211; Biel Gacias<\/td>\n<\/tr>\n<\/tbody>\n<\/table>\n<p>&nbsp;<\/p>\n<p><strong>ESCOLAR<\/strong><\/p>\n<table width=\"712\" cellspacing=\"0\" cellpadding=\"4\">\n<colgroup>\n<col width=\"128*\" \/>\n<col width=\"128*\" \/> <\/colgroup>\n<tbody>\n<tr valign=\"top\">\n<td width=\"50%\">\n<p class=\"western\"><b>Cadet femen\u00ed<\/b><\/p>\n<p class=\"western\">1. Ana Montoro (classificaci\u00f3 ct. Balears)<\/p>\n<p class=\"western\">2. Sofia Hamad (classificaci\u00f3 ct. Balears)<\/p>\n<p class=\"western\">3. Andrea Tom\u00e1s (per criteri t\u00e8cnic)<\/p>\n<p class=\"western\">4. Tekla Boda (per criteri t\u00e8cnic)<\/p>\n<p class=\"western\"><b>Reserves<\/b><\/p>\n<p class=\"western\">&#8211; Alia Ibensadiken<\/p>\n<p class=\"western\">&#8211; Paula Rotter<\/p>\n<\/td>\n<td width=\"50%\">\n<p class=\"western\" lang=\"ca-ES\" align=\"justify\"><b>Cadet mascul\u00ed<\/b><\/p>\n<p class=\"western\" lang=\"ca-ES\" align=\"justify\">1. Rafel Adrover (classificaci\u00f3 ct. Balears)<\/p>\n<p class=\"western\" lang=\"ca-ES\" align=\"justify\">2. Alejandro Callejero (classificaci\u00f3 ct. Balears)<\/p>\n<p class=\"western\" lang=\"ca-ES\" align=\"justify\">3. Joan Saez (per criteri t\u00e8cnic)<\/p>\n<p class=\"western\" lang=\"ca-ES\" align=\"justify\">4. Pau Mas (per criteri t\u00e8cnic)<\/p>\n<p class=\"western\" lang=\"ca-ES\" align=\"justify\"><b>Reserves<\/b><\/p>\n<p class=\"western\" lang=\"ca-ES\" align=\"justify\">&#8211; Daniel Velasco<\/p>\n<p class=\"western\" lang=\"ca-ES\" align=\"justify\">&#8211; Sacha Herrera<\/p>\n<\/td>\n<\/tr>\n<\/tbody>\n<\/table>\n<p lang=\"ca-ES\" align=\"justify\">\n<p class=\"western\" lang=\"ca-ES\" align=\"justify\">Si algun dels esportistes convocats no pot participar es prega ho comuniqui el m\u00e9s aviat possible al correu <a href=\"mailto:secretaria@fetrib.com\">secretaria@fetrib.com<\/a> o al 693770943<\/p>\n<p class=\"western\" lang=\"ca-ES\" align=\"justify\">El proper dimarts 26 de juny a les 20h, a la seu de la FETRIB, es realitzar\u00e0 una reuni\u00f3 informativa.<\/p>\n<p lang=\"ca-ES\" align=\"justify\"><a href=\"http:\/\/fetrib.com\/web\/wp-content\/uploads\/2018\/06\/Convocatoria-absoluta-badajoz-2018-1.pdf\">Convocatoria absoluta badajoz 2018<\/a><\/p>\n<p lang=\"ca-ES\" align=\"justify\"><a href=\"http:\/\/fetrib.com\/web\/wp-content\/uploads\/2018\/06\/Convocatoria-escolar-badajoz-2018.pdf\">Convocatoria escolar badajoz 2018<\/a><\/p>\n<p class=\"western\" lang=\"ca-ES\" align=\"justify\">\n","protected":false},"excerpt":{"rendered":"<p>El 30 de juny i 1 de juliol de 2018 es disputar\u00e0 el Campionat d\u2019Espanya de Triatl\u00f3 per Autonomies escolar a la localitat de badajoz. Els esportistes disputaran dues jornades de competici\u00f3, el dissabte realitzaran un triatl\u00f3 individual i diumenge un triatl\u00f3 per relleus mixtes. La FETRIB participar\u00e0 amb quatre seleccions, escolar i absoluta, femenina &#8230;<\/p>\n","protected":false},"author":1,"featured_media":934,"comment_status":"closed","ping_status":"open","sticky":false,"template":"","format":"standard","meta":{"_uag_custom_page_level_css":"","footnotes":""},"categories":[1],"tags":[],"class_list":["post-2130","post","type-post","status-publish","format-standard","has-post-thumbnail","hentry","category-general"],"uagb_featured_image_src":{"full":["https:\/\/fetrib.com\/web\/wp-content\/uploads\/2018\/02\/logofetrib2018-1.png",500,386,false],"thumbnail":["https:\/\/fetrib.com\/web\/wp-content\/uploads\/2018\/02\/logofetrib2018-1-150x150.png",150,150,true],"medium":["https:\/\/fetrib.com\/web\/wp-content\/uploads\/2018\/02\/logofetrib2018-1-300x232.png",300,232,true],"medium_large":["https:\/\/fetrib.com\/web\/wp-content\/uploads\/2018\/02\/logofetrib2018-1.png",500,386,false],"large":["https:\/\/fetrib.com\/web\/wp-content\/uploads\/2018\/02\/logofetrib2018-1.png",500,386,false],"1536x1536":["https:\/\/fetrib.com\/web\/wp-content\/uploads\/2018\/02\/logofetrib2018-1.png",500,386,false],"2048x2048":["https:\/\/fetrib.com\/web\/wp-content\/uploads\/2018\/02\/logofetrib2018-1.png",500,386,false],"tie-small":["https:\/\/fetrib.com\/web\/wp-content\/uploads\/2018\/02\/logofetrib2018-1-70x70.png",70,70,true],"tie-large":["https:\/\/fetrib.com\/web\/wp-content\/uploads\/2018\/02\/logofetrib2018-1-300x160.png",300,160,true],"slider":["https:\/\/fetrib.com\/web\/wp-content\/uploads\/2018\/02\/logofetrib2018-1-500x330.png",500,330,true]},"uagb_author_info":{"display_name":"admin","author_link":"https:\/\/fetrib.com\/web\/author\/admin\/"},"uagb_comment_info":0,"uagb_excerpt":"El 30 de juny i 1 de juliol de 2018 es disputar\u00e0 el Campionat d\u2019Espanya de Triatl\u00f3 per Autonomies escolar a la localitat de badajoz. Els esportistes disputaran dues jornades de competici\u00f3, el dissabte realitzaran un triatl\u00f3 individual i diumenge un triatl\u00f3 per relleus mixtes. La FETRIB participar\u00e0 amb quatre seleccions, escolar i absoluta, femenina&hellip;","_links":{"self":[{"href":"https:\/\/fetrib.com\/web\/wp-json\/wp\/v2\/posts\/2130","targetHints":{"allow":["GET"]}}],"collection":[{"href":"https:\/\/fetrib.com\/web\/wp-json\/wp\/v2\/posts"}],"about":[{"href":"https:\/\/fetrib.com\/web\/wp-json\/wp\/v2\/types\/post"}],"author":[{"embeddable":true,"href":"https:\/\/fetrib.com\/web\/wp-json\/wp\/v2\/users\/1"}],"replies":[{"embeddable":true,"href":"https:\/\/fetrib.com\/web\/wp-json\/wp\/v2\/comments?post=2130"}],"version-history":[{"count":6,"href":"https:\/\/fetrib.com\/web\/wp-json\/wp\/v2\/posts\/2130\/revisions"}],"predecessor-version":[{"id":2139,"href":"https:\/\/fetrib.com\/web\/wp-json\/wp\/v2\/posts\/2130\/revisions\/2139"}],"wp:featuredmedia":[{"embeddable":true,"href":"https:\/\/fetrib.com\/web\/wp-json\/wp\/v2\/media\/934"}],"wp:attachment":[{"href":"https:\/\/fetrib.com\/web\/wp-json\/wp\/v2\/media?parent=2130"}],"wp:term":[{"taxonomy":"category","embeddable":true,"href":"https:\/\/fetrib.com\/web\/wp-json\/wp\/v2\/categories?post=2130"},{"taxonomy":"post_tag","embeddable":true,"href":"https:\/\/fetrib.com\/web\/wp-json\/wp\/v2\/tags?post=2130"}],"curies":[{"name":"wp","href":"https:\/\/api.w.org\/{rel}","templated":true}]}}