{"id":215,"date":"2013-04-12T08:31:40","date_gmt":"2013-04-12T08:31:40","guid":{"rendered":"http:\/\/www.fetrib.com\/web2018\/uncategorised\/1o-prueba-de-las-series-nacionales-cadete-y-junior\/"},"modified":"2013-04-12T08:31:40","modified_gmt":"2013-04-12T08:31:40","slug":"1o-prueba-de-las-series-nacionales-cadete-y-junior","status":"publish","type":"post","link":"https:\/\/fetrib.com\/web\/2013\/04\/12\/1o-prueba-de-las-series-nacionales-cadete-y-junior\/","title":{"rendered":"1\u00aa prueba de las Series Nacionales Cadete y Junior"},"content":{"rendered":"<p>El 14 de abril tendr\u00e1 lugar la primera prueba despu\u00e9s de la Toma de Tiempos del calendario de las Series Nacionales; El <strong>FastTriatl\u00f3n Castelldefells<\/strong> ser\u00e1 la primera prueba del circuito de carreras que conforman las Series Nacionales para Cadetes y Juniors.<\/p>\n<p>En esta prueba contaremos con participaci\u00f3n Balear con la presencia de Javier Oliver y Joan Noguera, ambos en categoria Cadete.<\/p>\n<p>Para m\u00e1s informaci\u00f3n sobre las Series Nacionales visitad el siguiente <a href=\"http:\/\/tecnificacion.triatlon.org\/images\/stories\/2013\/SERIES_NACIONALES_013\/SN13.pdf\">link.<\/a><\/p>\n","protected":false},"excerpt":{"rendered":"<p>El 14 de abril tendr\u00e1 lugar la primera prueba despu\u00e9s de la Toma de Tiempos del calendario de las Series Nacionales; El FastTriatl\u00f3n Castelldefells ser\u00e1 la primera prueba del circuito de carreras que conforman las Series Nacionales para Cadetes y Juniors. En esta prueba contaremos con participaci\u00f3n Balear con la presencia de Javier Oliver y &#8230;<\/p>\n","protected":false},"author":1,"featured_media":0,"comment_status":"open","ping_status":"open","sticky":false,"template":"","format":"standard","meta":{"_uag_custom_page_level_css":"","footnotes":""},"categories":[46],"tags":[],"class_list":["post-215","post","type-post","status-publish","format-standard","hentry","category-triatlo"],"uagb_featured_image_src":{"full":false,"thumbnail":false,"medium":false,"medium_large":false,"large":false,"1536x1536":false,"2048x2048":false,"tie-small":false,"tie-large":false,"slider":false},"uagb_author_info":{"display_name":"admin","author_link":"https:\/\/fetrib.com\/web\/author\/admin\/"},"uagb_comment_info":0,"uagb_excerpt":"El 14 de abril tendr\u00e1 lugar la primera prueba despu\u00e9s de la Toma de Tiempos del calendario de las Series Nacionales; El FastTriatl\u00f3n Castelldefells ser\u00e1 la primera prueba del circuito de carreras que conforman las Series Nacionales para Cadetes y Juniors. En esta prueba contaremos con participaci\u00f3n Balear con la presencia de Javier Oliver y&hellip;","_links":{"self":[{"href":"https:\/\/fetrib.com\/web\/wp-json\/wp\/v2\/posts\/215","targetHints":{"allow":["GET"]}}],"collection":[{"href":"https:\/\/fetrib.com\/web\/wp-json\/wp\/v2\/posts"}],"about":[{"href":"https:\/\/fetrib.com\/web\/wp-json\/wp\/v2\/types\/post"}],"author":[{"embeddable":true,"href":"https:\/\/fetrib.com\/web\/wp-json\/wp\/v2\/users\/1"}],"replies":[{"embeddable":true,"href":"https:\/\/fetrib.com\/web\/wp-json\/wp\/v2\/comments?post=215"}],"version-history":[{"count":0,"href":"https:\/\/fetrib.com\/web\/wp-json\/wp\/v2\/posts\/215\/revisions"}],"wp:attachment":[{"href":"https:\/\/fetrib.com\/web\/wp-json\/wp\/v2\/media?parent=215"}],"wp:term":[{"taxonomy":"category","embeddable":true,"href":"https:\/\/fetrib.com\/web\/wp-json\/wp\/v2\/categories?post=215"},{"taxonomy":"post_tag","embeddable":true,"href":"https:\/\/fetrib.com\/web\/wp-json\/wp\/v2\/tags?post=215"}],"curies":[{"name":"wp","href":"https:\/\/api.w.org\/{rel}","templated":true}]}}