{"id":2156,"date":"2018-07-02T12:42:30","date_gmt":"2018-07-02T12:42:30","guid":{"rendered":"http:\/\/fetrib.com\/web\/?p=2156"},"modified":"2018-07-03T08:04:29","modified_gmt":"2018-07-03T08:04:29","slug":"la-seleccion-balear-disputa-el-campeonato-de-espana-de-autonomias","status":"publish","type":"post","link":"https:\/\/fetrib.com\/web\/2018\/07\/02\/la-seleccion-balear-disputa-el-campeonato-de-espana-de-autonomias\/","title":{"rendered":"La selecci\u00f3n Balear disputa el campeonato de Espa\u00f1a de Autonom\u00edas"},"content":{"rendered":"<p>La selecci\u00f3n Balear de Triatl\u00f3n 2018 ha disputado las diferentes pruebas puntuables en la localidad de Badajoz,Extremadura.<\/p>\n<div dir=\"auto\">La selecci\u00f3n formada por 12 deportistas absolutos 6 masculinos y 6 femeninos junto con la selecci\u00f3n escolar de 4 integrantes de cada sexo en categor\u00eda cadete.<\/div>\n<div dir=\"auto\">Tras las 2 pruebas en formato de Triatl\u00f3n esprint individual en cada sexo de la jornada del s\u00e1bado y la pruebas de relevos mixtos disputado el domingo, Baleares finaliza en un m\u00e1s que meritorio 5\u00b0 posici\u00f3n de la general final absoluta destacando las actuaciones de Xisca Tous y Biel Oliver en sus respectivas pruebas absolutas y\u00a0 Andrea Tom\u00e1s y Rafel Adrover en las pruebas de escolar cadetes.<\/div>\n<div dir=\"auto\"><img loading=\"lazy\" decoding=\"async\" class=\"aligncenter size-medium wp-image-2157\" src=\"http:\/\/fetrib.com\/web\/wp-content\/uploads\/2018\/07\/IMG_20180701_111712-300x163.jpg\" alt=\"\" width=\"300\" height=\"163\" srcset=\"https:\/\/fetrib.com\/web\/wp-content\/uploads\/2018\/07\/IMG_20180701_111712-300x163.jpg 300w, https:\/\/fetrib.com\/web\/wp-content\/uploads\/2018\/07\/IMG_20180701_111712-768x417.jpg 768w, https:\/\/fetrib.com\/web\/wp-content\/uploads\/2018\/07\/IMG_20180701_111712-1024x556.jpg 1024w, https:\/\/fetrib.com\/web\/wp-content\/uploads\/2018\/07\/IMG_20180701_111712.jpg 1078w\" sizes=\"auto, (max-width: 300px) 100vw, 300px\" \/><\/div>\n<div dir=\"auto\">Abilio Garc\u00eda presidente de la Fetrib,destaca la gran actuaci\u00f3n y el compromiso de todos los seleccionados, dando la cara contra comunidades que hist\u00f3ricamente son mucho m\u00e1s potentes y reitera el compromiso de la fetrib en participar en en este campeonato por Autonom\u00edas con el equipo completo en todas las categor\u00edas, hecho que solo ha sucedido en esta edici\u00f3n y la anterior de 2017, teniendo que destinar una reserva presupuestaria de m\u00e1s de 10.000\u20ac de los recursos propios de la Fetrib.<\/div>\n<p><div dir=\"auto\"><\/div>\n<div dir=\"auto\">Atletes que han participat:<\/div>\n<div dir=\"auto\"><\/div>\n<table>\n<tbody>\n<tr>\n<td>Sofia Hamad<\/td>\n<td>DUET-CICLISMOENMALLORCA<\/td>\n<\/tr>\n<tr>\n<td>Andrea Tom\u00e1s<\/td>\n<td>CMG FERRER HOTELS<\/td>\n<\/tr>\n<tr>\n<td>Ana Montoro<\/td>\n<td>CMG FERRER HOTELS<\/td>\n<\/tr>\n<tr>\n<td>Tekla Boda<\/td>\n<td>CMG FERRER HOTELS<\/td>\n<\/tr>\n<tr>\n<td>Rafel Adrover<\/td>\n<td>C.N. LLUCMAJOR<\/td>\n<\/tr>\n<tr>\n<td>Pau Mas<\/td>\n<td>CMG FERRER HOTELS<\/td>\n<\/tr>\n<tr>\n<td>Joan Saez<\/td>\n<td>XTREMCALVI\u00c0<\/td>\n<\/tr>\n<tr>\n<td>Daniel Velasco<\/td>\n<td>CMG FERRER HOTELS<\/td>\n<\/tr>\n<tr>\n<td>Biel Oliver<\/td>\n<td>CMG FERRER HOTELS<\/td>\n<\/tr>\n<tr>\n<td>Guillem Soler<\/td>\n<td>XTREMCALVI\u00c0<\/td>\n<\/tr>\n<tr>\n<td>Biel Gacias<\/td>\n<td>XTREMCALVI\u00c0<\/td>\n<\/tr>\n<tr>\n<td>Carlos Oliver<\/td>\n<td>CMG FERRER HOTELS<\/td>\n<\/tr>\n<tr>\n<td>Toni Llull<\/td>\n<td>FLOR DE TRIATL\u00d3<\/td>\n<\/tr>\n<tr>\n<td>\u00c1lvaro Sagrado<\/td>\n<td>DUET-CICLISMOENMALLORCA<\/td>\n<\/tr>\n<tr>\n<td>Gemma Llabr\u00e9s<\/td>\n<td>A.E. ENTRENAMIENTOGLOBAL.NET<\/td>\n<\/tr>\n<tr>\n<td>Carolina Sitges<\/td>\n<td>CMG FERRER HOTELS<\/td>\n<\/tr>\n<tr>\n<td>Xisca Tous<\/td>\n<td>DIABLILLOS DE RIVAS<\/td>\n<\/tr>\n<tr>\n<td>Ana Soler<\/td>\n<td>XTREMCALVI\u00c0<\/td>\n<\/tr>\n<tr>\n<td>Laia Riudavets<\/td>\n<td>CMG FERRER HOTELS<\/td>\n<\/tr>\n<tr>\n<td>Paula Oliver<\/td>\n<td>CMG FERRER HOTELS<\/td>\n<\/tr>\n<\/tbody>\n<\/table>\n","protected":false},"excerpt":{"rendered":"<p>La selecci\u00f3n Balear de Triatl\u00f3n 2018 ha disputado las diferentes pruebas puntuables en la localidad de Badajoz,Extremadura. La selecci\u00f3n formada por 12 deportistas absolutos 6 masculinos y 6 femeninos junto con la selecci\u00f3n escolar de 4 integrantes de cada sexo en categor\u00eda cadete. Tras las 2 pruebas en formato de Triatl\u00f3n esprint individual en cada &#8230;<\/p>\n","protected":false},"author":1,"featured_media":2158,"comment_status":"closed","ping_status":"open","sticky":false,"template":"","format":"standard","meta":{"_uag_custom_page_level_css":"","footnotes":""},"categories":[1],"tags":[],"class_list":["post-2156","post","type-post","status-publish","format-standard","has-post-thumbnail","hentry","category-general"],"uagb_featured_image_src":{"full":["https:\/\/fetrib.com\/web\/wp-content\/uploads\/2018\/07\/IMG_20180630_224921.jpg",3102,1817,false],"thumbnail":["https:\/\/fetrib.com\/web\/wp-content\/uploads\/2018\/07\/IMG_20180630_224921-150x150.jpg",150,150,true],"medium":["https:\/\/fetrib.com\/web\/wp-content\/uploads\/2018\/07\/IMG_20180630_224921-300x176.jpg",300,176,true],"medium_large":["https:\/\/fetrib.com\/web\/wp-content\/uploads\/2018\/07\/IMG_20180630_224921-768x450.jpg",620,363,true],"large":["https:\/\/fetrib.com\/web\/wp-content\/uploads\/2018\/07\/IMG_20180630_224921-1024x600.jpg",620,363,true],"1536x1536":["https:\/\/fetrib.com\/web\/wp-content\/uploads\/2018\/07\/IMG_20180630_224921.jpg",1536,900,false],"2048x2048":["https:\/\/fetrib.com\/web\/wp-content\/uploads\/2018\/07\/IMG_20180630_224921.jpg",2048,1200,false],"tie-small":["https:\/\/fetrib.com\/web\/wp-content\/uploads\/2018\/07\/IMG_20180630_224921-70x70.jpg",70,70,true],"tie-large":["https:\/\/fetrib.com\/web\/wp-content\/uploads\/2018\/07\/IMG_20180630_224921-300x160.jpg",300,160,true],"slider":["https:\/\/fetrib.com\/web\/wp-content\/uploads\/2018\/07\/IMG_20180630_224921-620x330.jpg",620,330,true]},"uagb_author_info":{"display_name":"admin","author_link":"https:\/\/fetrib.com\/web\/author\/admin\/"},"uagb_comment_info":0,"uagb_excerpt":"La selecci\u00f3n Balear de Triatl\u00f3n 2018 ha disputado las diferentes pruebas puntuables en la localidad de Badajoz,Extremadura. La selecci\u00f3n formada por 12 deportistas absolutos 6 masculinos y 6 femeninos junto con la selecci\u00f3n escolar de 4 integrantes de cada sexo en categor\u00eda cadete. Tras las 2 pruebas en formato de Triatl\u00f3n esprint individual en cada&hellip;","_links":{"self":[{"href":"https:\/\/fetrib.com\/web\/wp-json\/wp\/v2\/posts\/2156","targetHints":{"allow":["GET"]}}],"collection":[{"href":"https:\/\/fetrib.com\/web\/wp-json\/wp\/v2\/posts"}],"about":[{"href":"https:\/\/fetrib.com\/web\/wp-json\/wp\/v2\/types\/post"}],"author":[{"embeddable":true,"href":"https:\/\/fetrib.com\/web\/wp-json\/wp\/v2\/users\/1"}],"replies":[{"embeddable":true,"href":"https:\/\/fetrib.com\/web\/wp-json\/wp\/v2\/comments?post=2156"}],"version-history":[{"count":6,"href":"https:\/\/fetrib.com\/web\/wp-json\/wp\/v2\/posts\/2156\/revisions"}],"predecessor-version":[{"id":2164,"href":"https:\/\/fetrib.com\/web\/wp-json\/wp\/v2\/posts\/2156\/revisions\/2164"}],"wp:featuredmedia":[{"embeddable":true,"href":"https:\/\/fetrib.com\/web\/wp-json\/wp\/v2\/media\/2158"}],"wp:attachment":[{"href":"https:\/\/fetrib.com\/web\/wp-json\/wp\/v2\/media?parent=2156"}],"wp:term":[{"taxonomy":"category","embeddable":true,"href":"https:\/\/fetrib.com\/web\/wp-json\/wp\/v2\/categories?post=2156"},{"taxonomy":"post_tag","embeddable":true,"href":"https:\/\/fetrib.com\/web\/wp-json\/wp\/v2\/tags?post=2156"}],"curies":[{"name":"wp","href":"https:\/\/api.w.org\/{rel}","templated":true}]}}