{"id":218,"date":"2013-04-15T18:37:53","date_gmt":"2013-04-15T18:37:53","guid":{"rendered":"http:\/\/www.fetrib.com\/web2018\/news\/latest-news\/resultado-de-la-1o-prueba-de-las-series-nacionales-cadete-y-junior\/"},"modified":"2013-04-15T18:37:53","modified_gmt":"2013-04-15T18:37:53","slug":"resultado-de-la-1o-prueba-de-las-series-nacionales-cadete-y-junior","status":"publish","type":"post","link":"https:\/\/fetrib.com\/web\/2013\/04\/15\/resultado-de-la-1o-prueba-de-las-series-nacionales-cadete-y-junior\/","title":{"rendered":"Resultado de la 1\u00aa prueba de las Series Nacionales Cadete y Junior"},"content":{"rendered":"<p>Fant\u00e1stico resultado de los dos triatletas Baleares que participaron el pasado fin de semana en Castelldefels en la prueba de las Series Nacionales. Ambos en categoria Cadete, Joan Noguera ( C.N. Llucmajor) termin\u00f3 tercero y Javier Oliver ( M3T Mallorcatraining) cuarto.<\/p>\n<p>Despu\u00e9s de esta prueba, la clasificaci\u00f3n de Cadete Masculino est\u00e1 comandada por Joan Noguera y con Javier Oliver en cuarta posici\u00f3n. <a href=\"http:\/\/tecnificacion.triatlon.org\/images\/stories\/2013\/SERIES_NACIONALES_013\/CDM.pdf\">Link.<\/a><\/p>\n<p>\u00a0<\/p>\n<p>\u00a0<\/p>\n","protected":false},"excerpt":{"rendered":"<p>Fant\u00e1stico resultado de los dos triatletas Baleares que participaron el pasado fin de semana en Castelldefels en la prueba de las Series Nacionales. Ambos en categoria Cadete, Joan Noguera ( C.N. Llucmajor) termin\u00f3 tercero y Javier Oliver ( M3T Mallorcatraining) cuarto. Despu\u00e9s de esta prueba, la clasificaci\u00f3n de Cadete Masculino est\u00e1 comandada por Joan Noguera &#8230;<\/p>\n","protected":false},"author":1,"featured_media":0,"comment_status":"open","ping_status":"open","sticky":false,"template":"","format":"standard","meta":{"_uag_custom_page_level_css":"","footnotes":""},"categories":[37],"tags":[],"class_list":["post-218","post","type-post","status-publish","format-standard","hentry","category-latest-news"],"uagb_featured_image_src":{"full":false,"thumbnail":false,"medium":false,"medium_large":false,"large":false,"1536x1536":false,"2048x2048":false,"tie-small":false,"tie-large":false,"slider":false},"uagb_author_info":{"display_name":"admin","author_link":"https:\/\/fetrib.com\/web\/author\/admin\/"},"uagb_comment_info":0,"uagb_excerpt":"Fant\u00e1stico resultado de los dos triatletas Baleares que participaron el pasado fin de semana en Castelldefels en la prueba de las Series Nacionales. Ambos en categoria Cadete, Joan Noguera ( C.N. Llucmajor) termin\u00f3 tercero y Javier Oliver ( M3T Mallorcatraining) cuarto. Despu\u00e9s de esta prueba, la clasificaci\u00f3n de Cadete Masculino est\u00e1 comandada por Joan Noguera&hellip;","_links":{"self":[{"href":"https:\/\/fetrib.com\/web\/wp-json\/wp\/v2\/posts\/218","targetHints":{"allow":["GET"]}}],"collection":[{"href":"https:\/\/fetrib.com\/web\/wp-json\/wp\/v2\/posts"}],"about":[{"href":"https:\/\/fetrib.com\/web\/wp-json\/wp\/v2\/types\/post"}],"author":[{"embeddable":true,"href":"https:\/\/fetrib.com\/web\/wp-json\/wp\/v2\/users\/1"}],"replies":[{"embeddable":true,"href":"https:\/\/fetrib.com\/web\/wp-json\/wp\/v2\/comments?post=218"}],"version-history":[{"count":0,"href":"https:\/\/fetrib.com\/web\/wp-json\/wp\/v2\/posts\/218\/revisions"}],"wp:attachment":[{"href":"https:\/\/fetrib.com\/web\/wp-json\/wp\/v2\/media?parent=218"}],"wp:term":[{"taxonomy":"category","embeddable":true,"href":"https:\/\/fetrib.com\/web\/wp-json\/wp\/v2\/categories?post=218"},{"taxonomy":"post_tag","embeddable":true,"href":"https:\/\/fetrib.com\/web\/wp-json\/wp\/v2\/tags?post=218"}],"curies":[{"name":"wp","href":"https:\/\/api.w.org\/{rel}","templated":true}]}}