{"id":219,"date":"2013-04-19T17:00:00","date_gmt":"2013-04-19T17:00:00","guid":{"rendered":"http:\/\/www.fetrib.com\/web2018\/news\/latest-news\/anulado-campeonato-baleares-aquatlon-27-abril-santa-eulalia-ibiza\/"},"modified":"2013-04-19T17:00:00","modified_gmt":"2013-04-19T17:00:00","slug":"anulado-campeonato-baleares-aquatlon-27-abril-santa-eulalia-ibiza","status":"publish","type":"post","link":"https:\/\/fetrib.com\/web\/2013\/04\/19\/anulado-campeonato-baleares-aquatlon-27-abril-santa-eulalia-ibiza\/","title":{"rendered":"Anulado Campeonato Baleares Acuatl\u00f3n 27 Abril- Santa Eulalia (Ibiza)"},"content":{"rendered":"<p>Seg\u00fan nos comunica la organizaci\u00f3n queda anulado el Acuatl\u00f3n de Santa Eul\u00e0ria que deb\u00eda celbrarse el pr\u00f3ximo s\u00e1bado 27 de abril. Pr\u00f3ximamente se comunicar\u00e1 la nueva sede para el campeonato de Baleares de acuatl\u00f3n.<\/p>\n<p>\u00a0<\/p>\n","protected":false},"excerpt":{"rendered":"<p>Seg\u00fan nos comunica la organizaci\u00f3n queda anulado el Acuatl\u00f3n de Santa Eul\u00e0ria que deb\u00eda celbrarse el pr\u00f3ximo s\u00e1bado 27 de abril. Pr\u00f3ximamente se comunicar\u00e1 la nueva sede para el campeonato de Baleares de acuatl\u00f3n. \u00a0<\/p>\n","protected":false},"author":1,"featured_media":0,"comment_status":"open","ping_status":"open","sticky":false,"template":"","format":"standard","meta":{"_uag_custom_page_level_css":"","footnotes":""},"categories":[37],"tags":[],"class_list":["post-219","post","type-post","status-publish","format-standard","hentry","category-latest-news"],"uagb_featured_image_src":{"full":false,"thumbnail":false,"medium":false,"medium_large":false,"large":false,"1536x1536":false,"2048x2048":false,"tie-small":false,"tie-large":false,"slider":false},"uagb_author_info":{"display_name":"admin","author_link":"https:\/\/fetrib.com\/web\/author\/admin\/"},"uagb_comment_info":0,"uagb_excerpt":"Seg\u00fan nos comunica la organizaci\u00f3n queda anulado el Acuatl\u00f3n de Santa Eul\u00e0ria que deb\u00eda celbrarse el pr\u00f3ximo s\u00e1bado 27 de abril. Pr\u00f3ximamente se comunicar\u00e1 la nueva sede para el campeonato de Baleares de acuatl\u00f3n. \u00a0","_links":{"self":[{"href":"https:\/\/fetrib.com\/web\/wp-json\/wp\/v2\/posts\/219","targetHints":{"allow":["GET"]}}],"collection":[{"href":"https:\/\/fetrib.com\/web\/wp-json\/wp\/v2\/posts"}],"about":[{"href":"https:\/\/fetrib.com\/web\/wp-json\/wp\/v2\/types\/post"}],"author":[{"embeddable":true,"href":"https:\/\/fetrib.com\/web\/wp-json\/wp\/v2\/users\/1"}],"replies":[{"embeddable":true,"href":"https:\/\/fetrib.com\/web\/wp-json\/wp\/v2\/comments?post=219"}],"version-history":[{"count":0,"href":"https:\/\/fetrib.com\/web\/wp-json\/wp\/v2\/posts\/219\/revisions"}],"wp:attachment":[{"href":"https:\/\/fetrib.com\/web\/wp-json\/wp\/v2\/media?parent=219"}],"wp:term":[{"taxonomy":"category","embeddable":true,"href":"https:\/\/fetrib.com\/web\/wp-json\/wp\/v2\/categories?post=219"},{"taxonomy":"post_tag","embeddable":true,"href":"https:\/\/fetrib.com\/web\/wp-json\/wp\/v2\/tags?post=219"}],"curies":[{"name":"wp","href":"https:\/\/api.w.org\/{rel}","templated":true}]}}