{"id":2193,"date":"2018-11-19T17:33:07","date_gmt":"2018-11-19T17:33:07","guid":{"rendered":"http:\/\/fetrib.com\/web\/?p=2193"},"modified":"2018-11-19T17:48:44","modified_gmt":"2018-11-19T17:48:44","slug":"2193","status":"publish","type":"post","link":"https:\/\/fetrib.com\/web\/2018\/11\/19\/2193\/","title":{"rendered":""},"content":{"rendered":"<p>Mar de Pulp\u00ed ha acollit aquest cap de setmana el \u00abII Encuentro Nacional Iberdrola &#8211; <span id=\"fbPhotoSnowliftCaption\" class=\"fbPhotosPhotoCaption\" tabindex=\"0\" aria-live=\"polite\" data-ft=\"{&quot;tn&quot;:&quot;K&quot;}\"><span class=\"hasCaption\">Mujer,<\/span><\/span><span id=\"fbPhotoSnowliftCaption\" class=\"fbPhotosPhotoCaption\" tabindex=\"0\" aria-live=\"polite\" data-ft=\"{&quot;tn&quot;:&quot;K&quot;}\"><span class=\"hasCaption\"> Energ\u00eda y Deporte<\/span><\/span>\u00bb dirigit pel t\u00e8cnic de la FETRI\u00a0 I\u00f1aki Arenal i desenvolupat per la triatleta ol\u00edmpica Ainhoa Murua i els triatletes internacionals Sara P\u00e9re Sala i Jon Unanue<\/p>\n<p>Les triatletes balears Cati Villalonga i Ana Soler acudiren a la trobada que consist\u00ed en quatre sessions d&#8217;entrenament on es perfeccionaren t\u00e8cniques de carrera i nataci\u00f3. Tamb\u00e9 es realitzaren sessions de gimn\u00e0s i ciclisme.<\/p>\n<blockquote><p><em>\u00abHe podido disfrutar de un fin de semana lleno de actividades relacionadas con el Triatl\u00f3n en el Campus \u00abMujer, Energ\u00eda y Deporte\u00bb, en Mar de Pulpi. Ha sido un placer compartir esta experiencia con otras triatletas de distintas comunidades y tambi\u00e9n poder aprender y seguir los consejos de Grandes Triatletas como Ainhoa Murua y Sara P\u00e9rez.\u00bb<\/em><\/p>\n<p><em>\u00abParticipar en el campus ha sido una experiencia fant\u00e1stica!<\/em><br \/>\n<em>Poder compartir tres jornadas de entrenamiento con triatletas de otras comunidades ha sido genial, adem\u00e0s del lujo de estar supervisadas y dirigidas en los entrenamientos por las triatletas Ainhoa Murua, Sara Per\u00e9z y el triatleta Jon Unanue.<\/em><br \/>\n<em>El buen ambiente vivido ha hecho de este finde algo inolvidable. Me ha sorprendido que a pesar de la diferencia de edad, todas compartimos un mismo sentimiento, la pasi\u00f3n por el triatlon y me emociona constatar que todas conciliamos nuestras vidas para poder entrenar, ya sea estudios, trabajo, familia, maternidad&#8230; pinta bien, verdad!\u00bb<\/em><\/p><\/blockquote>\n<p>Han estat tres dies on les nostres triatletes han pogut compartir experi\u00e8ncies amb triatletes d&#8217;altres comunitats i aprendre d&#8217;esportistes de nivell internacional.<\/p>\n<p>&nbsp;<\/p>\n<p><img loading=\"lazy\" decoding=\"async\" class=\"aligncenter size-medium wp-image-2195\" src=\"http:\/\/fetrib.com\/web\/wp-content\/uploads\/2018\/11\/natacio-300x235.jpg\" alt=\"\" width=\"300\" height=\"235\" srcset=\"https:\/\/fetrib.com\/web\/wp-content\/uploads\/2018\/11\/natacio-300x235.jpg 300w, https:\/\/fetrib.com\/web\/wp-content\/uploads\/2018\/11\/natacio-768x602.jpg 768w, https:\/\/fetrib.com\/web\/wp-content\/uploads\/2018\/11\/natacio-1024x802.jpg 1024w, https:\/\/fetrib.com\/web\/wp-content\/uploads\/2018\/11\/natacio.jpg 1080w\" sizes=\"auto, (max-width: 300px) 100vw, 300px\" \/><\/p>\n<p>&nbsp;<\/p>\n","protected":false},"excerpt":{"rendered":"<p>Mar de Pulp\u00ed ha acollit aquest cap de setmana el \u00abII Encuentro Nacional Iberdrola &#8211; Mujer, Energ\u00eda y Deporte\u00bb dirigit pel t\u00e8cnic de la FETRI\u00a0 I\u00f1aki Arenal i desenvolupat per la triatleta ol\u00edmpica Ainhoa Murua i els triatletes internacionals Sara P\u00e9re Sala i Jon Unanue Les triatletes balears Cati Villalonga i Ana Soler acudiren a &#8230;<\/p>\n","protected":false},"author":1,"featured_media":2194,"comment_status":"closed","ping_status":"open","sticky":false,"template":"","format":"standard","meta":{"_uag_custom_page_level_css":"","footnotes":""},"categories":[1,37],"tags":[],"class_list":["post-2193","post","type-post","status-publish","format-standard","has-post-thumbnail","hentry","category-general","category-latest-news"],"uagb_featured_image_src":{"full":["https:\/\/fetrib.com\/web\/wp-content\/uploads\/2018\/11\/iberdrola.jpg",1599,1200,false],"thumbnail":["https:\/\/fetrib.com\/web\/wp-content\/uploads\/2018\/11\/iberdrola-150x150.jpg",150,150,true],"medium":["https:\/\/fetrib.com\/web\/wp-content\/uploads\/2018\/11\/iberdrola-300x225.jpg",300,225,true],"medium_large":["https:\/\/fetrib.com\/web\/wp-content\/uploads\/2018\/11\/iberdrola-768x576.jpg",620,465,true],"large":["https:\/\/fetrib.com\/web\/wp-content\/uploads\/2018\/11\/iberdrola-1024x768.jpg",620,465,true],"1536x1536":["https:\/\/fetrib.com\/web\/wp-content\/uploads\/2018\/11\/iberdrola.jpg",1536,1153,false],"2048x2048":["https:\/\/fetrib.com\/web\/wp-content\/uploads\/2018\/11\/iberdrola.jpg",1599,1200,false],"tie-small":["https:\/\/fetrib.com\/web\/wp-content\/uploads\/2018\/11\/iberdrola-70x70.jpg",70,70,true],"tie-large":["https:\/\/fetrib.com\/web\/wp-content\/uploads\/2018\/11\/iberdrola-300x160.jpg",300,160,true],"slider":["https:\/\/fetrib.com\/web\/wp-content\/uploads\/2018\/11\/iberdrola-620x330.jpg",620,330,true]},"uagb_author_info":{"display_name":"admin","author_link":"https:\/\/fetrib.com\/web\/author\/admin\/"},"uagb_comment_info":0,"uagb_excerpt":"Mar de Pulp\u00ed ha acollit aquest cap de setmana el \u00abII Encuentro Nacional Iberdrola &#8211; Mujer, Energ\u00eda y Deporte\u00bb dirigit pel t\u00e8cnic de la FETRI\u00a0 I\u00f1aki Arenal i desenvolupat per la triatleta ol\u00edmpica Ainhoa Murua i els triatletes internacionals Sara P\u00e9re Sala i Jon Unanue Les triatletes balears Cati Villalonga i Ana Soler acudiren a&hellip;","_links":{"self":[{"href":"https:\/\/fetrib.com\/web\/wp-json\/wp\/v2\/posts\/2193","targetHints":{"allow":["GET"]}}],"collection":[{"href":"https:\/\/fetrib.com\/web\/wp-json\/wp\/v2\/posts"}],"about":[{"href":"https:\/\/fetrib.com\/web\/wp-json\/wp\/v2\/types\/post"}],"author":[{"embeddable":true,"href":"https:\/\/fetrib.com\/web\/wp-json\/wp\/v2\/users\/1"}],"replies":[{"embeddable":true,"href":"https:\/\/fetrib.com\/web\/wp-json\/wp\/v2\/comments?post=2193"}],"version-history":[{"count":4,"href":"https:\/\/fetrib.com\/web\/wp-json\/wp\/v2\/posts\/2193\/revisions"}],"predecessor-version":[{"id":2199,"href":"https:\/\/fetrib.com\/web\/wp-json\/wp\/v2\/posts\/2193\/revisions\/2199"}],"wp:featuredmedia":[{"embeddable":true,"href":"https:\/\/fetrib.com\/web\/wp-json\/wp\/v2\/media\/2194"}],"wp:attachment":[{"href":"https:\/\/fetrib.com\/web\/wp-json\/wp\/v2\/media?parent=2193"}],"wp:term":[{"taxonomy":"category","embeddable":true,"href":"https:\/\/fetrib.com\/web\/wp-json\/wp\/v2\/categories?post=2193"},{"taxonomy":"post_tag","embeddable":true,"href":"https:\/\/fetrib.com\/web\/wp-json\/wp\/v2\/tags?post=2193"}],"curies":[{"name":"wp","href":"https:\/\/api.w.org\/{rel}","templated":true}]}}