{"id":220,"date":"2013-04-17T08:15:40","date_gmt":"2013-04-17T08:15:40","guid":{"rendered":"http:\/\/www.fetrib.com\/web2018\/escolar-base\/canvi-de-dates-a-dues-proves-del-calendari-escolar\/"},"modified":"2013-04-17T08:15:40","modified_gmt":"2013-04-17T08:15:40","slug":"canvi-de-dates-a-dues-proves-del-calendari-escolar","status":"publish","type":"post","link":"https:\/\/fetrib.com\/web\/2013\/04\/17\/canvi-de-dates-a-dues-proves-del-calendari-escolar\/","title":{"rendered":"Canvi de dates a dues proves del calendari escolar"},"content":{"rendered":"<p>El cl\u00ednic que havia previst per el proper diumenge 21 d&#8217;abril a Pr\u00ednceps d&#8217;Espanya ha estat ajornat, estam pendents de que ens confirmin nova data, en principi sembla que ser\u00e0 el proper <strong>dissabte 4 de maig de 17 a 20h.<\/strong><\/p>\n<p>El Triatl\u00f3 Col\u00f2nia de Sant Jordi tamb\u00e9 s&#8217;ha ajornat, <strong>el farem el proper diumenge 12 de maig de 11 a 14h i ser\u00e0 un acuatl\u00f3<\/strong>.<\/p>\n<p>En tenir dades i horaris confirmats penjarem l&#8217;informaci\u00f3.<\/p>\n","protected":false},"excerpt":{"rendered":"<p>El cl\u00ednic que havia previst per el proper diumenge 21 d&#8217;abril a Pr\u00ednceps d&#8217;Espanya ha estat ajornat, estam pendents de que ens confirmin nova data, en principi sembla que ser\u00e0 el proper dissabte 4 de maig de 17 a 20h. El Triatl\u00f3 Col\u00f2nia de Sant Jordi tamb\u00e9 s&#8217;ha ajornat, el farem el proper diumenge 12 &#8230;<\/p>\n","protected":false},"author":1,"featured_media":0,"comment_status":"open","ping_status":"open","sticky":false,"template":"","format":"standard","meta":{"_uag_custom_page_level_css":"","footnotes":""},"categories":[29],"tags":[],"class_list":["post-220","post","type-post","status-publish","format-standard","hentry","category-escolar-base"],"uagb_featured_image_src":{"full":false,"thumbnail":false,"medium":false,"medium_large":false,"large":false,"1536x1536":false,"2048x2048":false,"tie-small":false,"tie-large":false,"slider":false},"uagb_author_info":{"display_name":"admin","author_link":"https:\/\/fetrib.com\/web\/author\/admin\/"},"uagb_comment_info":0,"uagb_excerpt":"El cl\u00ednic que havia previst per el proper diumenge 21 d&#8217;abril a Pr\u00ednceps d&#8217;Espanya ha estat ajornat, estam pendents de que ens confirmin nova data, en principi sembla que ser\u00e0 el proper dissabte 4 de maig de 17 a 20h. El Triatl\u00f3 Col\u00f2nia de Sant Jordi tamb\u00e9 s&#8217;ha ajornat, el farem el proper diumenge 12&hellip;","_links":{"self":[{"href":"https:\/\/fetrib.com\/web\/wp-json\/wp\/v2\/posts\/220","targetHints":{"allow":["GET"]}}],"collection":[{"href":"https:\/\/fetrib.com\/web\/wp-json\/wp\/v2\/posts"}],"about":[{"href":"https:\/\/fetrib.com\/web\/wp-json\/wp\/v2\/types\/post"}],"author":[{"embeddable":true,"href":"https:\/\/fetrib.com\/web\/wp-json\/wp\/v2\/users\/1"}],"replies":[{"embeddable":true,"href":"https:\/\/fetrib.com\/web\/wp-json\/wp\/v2\/comments?post=220"}],"version-history":[{"count":0,"href":"https:\/\/fetrib.com\/web\/wp-json\/wp\/v2\/posts\/220\/revisions"}],"wp:attachment":[{"href":"https:\/\/fetrib.com\/web\/wp-json\/wp\/v2\/media?parent=220"}],"wp:term":[{"taxonomy":"category","embeddable":true,"href":"https:\/\/fetrib.com\/web\/wp-json\/wp\/v2\/categories?post=220"},{"taxonomy":"post_tag","embeddable":true,"href":"https:\/\/fetrib.com\/web\/wp-json\/wp\/v2\/tags?post=220"}],"curies":[{"name":"wp","href":"https:\/\/api.w.org\/{rel}","templated":true}]}}